{"id":2653,"date":"2016-08-16T07:10:03","date_gmt":"2016-08-16T10:10:03","guid":{"rendered":"https:\/\/blogs.correiobraziliense.com.br\/vicente\/?p=2653"},"modified":"2016-08-16T11:14:14","modified_gmt":"2016-08-16T14:14:14","slug":"coluna-no-correio-respeitavel-publico-crescimento-sera-maior-em-2017-e-imposto-nao-vai-subir","status":"publish","type":"post","link":"https:\/\/blogs.correiobraziliense.com.br\/vicente\/coluna-no-correio-respeitavel-publico-crescimento-sera-maior-em-2017-e-imposto-nao-vai-subir\/","title":{"rendered":"Coluna no Correio: Respeit\u00e1vel p\u00fablico, crescimento ser\u00e1 maior em 2017 e imposto n\u00e3o vai subir"},"content":{"rendered":"<p>Ciente de que um aumento de impostos neste momento \u00e9 quase imposs\u00edvel de ser apoiado por sua base no Congresso, o governo adotou, nos \u00faltimos dias, um discurso mais palat\u00e1vel junto do grande p\u00fablico: o cumprimento da meta fiscal em 2017 ser\u00e1 poss\u00edvel gra\u00e7as ao desempenho melhor da economia, que refor\u00e7ar\u00e1 a arrecada\u00e7\u00e3o.<\/p>\n<p>&nbsp;<\/p>\n<p>A estrat\u00e9gia de tirar a amea\u00e7a de eleva\u00e7\u00e3o de tributos do horizonte foi fechada entre o ministro da Fazenda, Henrique Meirelles, e o presidente interino, Michel Temer, que dorme e acorda s\u00f3 pensando em uma coisa: a aprova\u00e7\u00e3o do impeachment de Dilma Rousseff at\u00e9 o fim deste m\u00eas. Ontem, o chefe da equipe econ\u00f4mica voltou a dizer que tudo ser\u00e1 definido nas pr\u00f3ximas duas semanas. Mas, ao que tudo indica, o Pal\u00e1cio do Planalto decidiu, por enquanto, segurar o pacote de maldades.<\/p>\n<p>&nbsp;<\/p>\n<p>Antes de acertar os ponteiros com Meirelles, o presidente interino ouviu muitas queixas dos ministros da \u00e1rea pol\u00edtica, que vinham reclamando da insist\u00eancia da equipe da Fazenda em defender aumento de impostos mesmo com a economia em recess\u00e3o. Para Eliseu Padilha (Casa Civil) e Geddel Vieira Lima (Secretaria de Governo), est\u00e1 na hora de o governo propagandear a vis\u00e3o de que conseguiu, em apenas tr\u00eas meses, criar as condi\u00e7\u00f5es para tirar o pa\u00eds do atoleiro.<\/p>\n<p>&nbsp;<\/p>\n<p>Os n\u00fameros mais favor\u00e1veis da economia estar\u00e3o estampados na proposta de Or\u00e7amento da Uni\u00e3o para 2017 que o Minist\u00e9rio do Planejamento encaminhar\u00e1 ao Congresso at\u00e9 31 de agosto. A previs\u00e3o de crescimento para o Produto Interno Bruto (PIB) no ano que vem dever\u00e1 passar de 1,2% para 1,6%, o que adicionar\u00e1 mais recursos no caixa da Receita Federal. N\u00e3o h\u00e1 a certeza, por\u00e9m, se esse incremento ser\u00e1 suficiente para evitar que o deficit fiscal supere R$ 139 bilh\u00f5es.<\/p>\n<p>&nbsp;<\/p>\n<p>Temer ouviu ontem de Meirelles e de Dyogo Oliveira, ministro interino do Planejamento, que a economia parou de cair, o melhor sinal de que a fase mais aguda da crise ficou para tr\u00e1s. H\u00e1 indicadores antecedentes, como o tr\u00e1fego de ve\u00edculos nas rodovias e o consumo de papel\u00e3o ondulado (usado em embalagens), voltando ao terreno positivo. N\u00e3o \u00e9 nada para se soltar foguetes, mas d\u00e1 um respiro importante, como ressalta um t\u00e9cnico da Fazenda.<\/p>\n<p>&nbsp;<\/p>\n<p><b>Ajuda da infla\u00e7\u00e3o<\/b><\/p>\n<p>&nbsp;<\/p>\n<p>Para o economista Jos\u00e9 M\u00e1rcio Camargo, da Opus Investimentos, ficou relativamente mais f\u00e1cil para o governo fechar as contas em 2017. Al\u00e9m de a economia mostrar alguma rea\u00e7\u00e3o, elevando as receitas com impostos, a Proposta de Emenda \u00e0 Constitui\u00e7\u00e3o (PEC) que limita o aumento de gastos \u00e0 infla\u00e7\u00e3o do ano anterior, se aprovada, dar\u00e1 um f\u00f4lego extra. Ele explica que, como o custo de vida ficar\u00e1 entre 7,5% e 8% neste ano e o \u00cdndice de Pre\u00e7os ao Consumidor Amplo (IPCA) dever\u00e1 se acomodar perto de 4,5% em 2017, as despesas poder\u00e3o ter alta real de quase quatro pontos percentuais.<\/p>\n<p>&nbsp;<\/p>\n<p>\u201cEssa diferen\u00e7a dar\u00e1 uma ajuda e tanto para o governo\u201d, afirma Camargo. Ele ressalta ainda que, com o PIB mais forte, as receitas crescem mais rapidamente. Portanto, o risco de se evitar o estouro do deficit fiscal ser\u00e1 bem menor do que em 2016, quando o rombo foi limitado a R$ 170,5 bilh\u00f5es. \u201cApesar dessa maior facilidade, o governo n\u00e3o pode abrir m\u00e3o de cortar gastos. Se n\u00e3o o fizer, ter\u00e1, em algum momento, que aumentar impostos\u201d, frisa.<\/p>\n<p>&nbsp;<\/p>\n<p>Na avalia\u00e7\u00e3o do economista, foi o pr\u00f3prio governo que colocou a perspectiva de eleva\u00e7\u00e3o de tributos no seu caminho, ao se comprometer com uma s\u00e9rie de despesas extras, a come\u00e7ar pelos reajustes ao funcionalismo p\u00fablico. Se n\u00e3o tivesse feito tantas concess\u00f5es, certamente uma eventual alta da carga tribut\u00e1ria n\u00e3o estaria no radar de ningu\u00e9m neste momento. N\u00e3o de uma administra\u00e7\u00e3o respons\u00e1vel fiscalmente.<\/p>\n<p>&nbsp;<\/p>\n<p><b>Para ado\u00e7ar a boca<\/b><\/p>\n<p>&nbsp;<\/p>\n<p>A equipe econ\u00f4mica praticamente fechou todos os cen\u00e1rios que embasar\u00e3o o Or\u00e7amento de 2017. Agora, s\u00f3 falta dar os retoques pol\u00edticos, como frisa um importante auxiliar de Michel Temer. \u201cAs quest\u00f5es t\u00e9cnicas v\u00e3o prevalecer, n\u00e3o temos d\u00favidas disso. Contudo, o governo ter\u00e1 que fazer os seus agrados. \u00c9 essa a regra do jogo\u201d, enfatiza. Ele garante que tudo ser\u00e1 combinado com Meirelles, de forma a evitar melindres. \u201cO ministro da Fazenda sabe que precisa ado\u00e7ar a boca do Congresso para ver os projetos de seu interesse serem aprovados\u201d, emenda.<\/p>\n<p>&nbsp;<\/p>\n<p>Auxiliares de Meirelles sabem da responsabilidade de mandarem para o Legislativo uma proposta de Or\u00e7amento consistente. Est\u00e1 cravado na cabe\u00e7a dos t\u00e9cnicos que foi justamente o projeto de 2016, prevendo deficit de R$ 30,5 bilh\u00f5es sem que o ent\u00e3o ministro da Fazenda, Joaquim Levy, soubesse, que detonou de vez a crise econ\u00f4mica e sentenciou o futuro de Dilma Rousseff. O Brasil perdeu a chancela de grau de investimento, o d\u00f3lar chegou a R$ 4 e a bolsa de valores derreteu. \u201cN\u00e3o podemos repetir esse erro. Tudo est\u00e1 conspirando a nosso favor\u201d, refor\u00e7a um integrante da equipe econ\u00f4mica.<\/p>\n<p>&nbsp;<\/p>\n<p><i>Bras\u00edlia, 07h10min<\/i><\/p>\n","protected":false},"excerpt":{"rendered":"<p>Ciente de que um aumento de impostos neste momento \u00e9 quase imposs\u00edvel de ser apoiado por sua base no Congresso, o governo adotou, nos \u00faltimos dias, um discurso mais palat\u00e1vel junto do grande p\u00fablico: o cumprimento da meta fiscal em 2017 ser\u00e1 poss\u00edvel gra\u00e7as ao desempenho melhor da economia, que refor\u00e7ar\u00e1 a arrecada\u00e7\u00e3o. &nbsp; A [&hellip;]<\/p>\n","protected":false},"author":22,"featured_media":0,"comment_status":"open","ping_status":"closed","sticky":false,"template":"","format":"standard","meta":{"footnotes":""},"categories":[600],"tags":[640,992,561,993,13,360,21,615,111,58],"class_list":["post-2653","post","type-post","status-publish","format-standard","hentry","category-economia","tag-640","tag-992","tag-561","tag-993","tag-ajuste-fiscal","tag-equipe-economica","tag-henrique-meirelles","tag-jose-marcio-camargo","tag-michel-temer","tag-pib"],"_links":{"self":[{"href":"https:\/\/blogs.correiobraziliense.com.br\/vicente\/wp-json\/wp\/v2\/posts\/2653","targetHints":{"allow":["GET"]}}],"collection":[{"href":"https:\/\/blogs.correiobraziliense.com.br\/vicente\/wp-json\/wp\/v2\/posts"}],"about":[{"href":"https:\/\/blogs.correiobraziliense.com.br\/vicente\/wp-json\/wp\/v2\/types\/post"}],"author":[{"embeddable":true,"href":"https:\/\/blogs.correiobraziliense.com.br\/vicente\/wp-json\/wp\/v2\/users\/22"}],"replies":[{"embeddable":true,"href":"https:\/\/blogs.correiobraziliense.com.br\/vicente\/wp-json\/wp\/v2\/comments?post=2653"}],"version-history":[{"count":4,"href":"https:\/\/blogs.correiobraziliense.com.br\/vicente\/wp-json\/wp\/v2\/posts\/2653\/revisions"}],"predecessor-version":[{"id":2661,"href":"https:\/\/blogs.correiobraziliense.com.br\/vicente\/wp-json\/wp\/v2\/posts\/2653\/revisions\/2661"}],"wp:attachment":[{"href":"https:\/\/blogs.correiobraziliense.com.br\/vicente\/wp-json\/wp\/v2\/media?parent=2653"}],"wp:term":[{"taxonomy":"category","embeddable":true,"href":"https:\/\/blogs.correiobraziliense.com.br\/vicente\/wp-json\/wp\/v2\/categories?post=2653"},{"taxonomy":"post_tag","embeddable":true,"href":"https:\/\/blogs.correiobraziliense.com.br\/vicente\/wp-json\/wp\/v2\/tags?post=2653"}],"curies":[{"name":"wp","href":"https:\/\/api.w.org\/{rel}","templated":true}]}}