{"id":2649,"date":"2016-08-15T16:07:45","date_gmt":"2016-08-15T19:07:45","guid":{"rendered":"https:\/\/blogs.correiobraziliense.com.br\/vicente\/?p=2649"},"modified":"2016-08-15T18:16:28","modified_gmt":"2016-08-15T21:16:28","slug":"quer-saber-para-onde-vai-o-dolar-assista-economia-no-sofa","status":"publish","type":"post","link":"https:\/\/blogs.correiobraziliense.com.br\/vicente\/quer-saber-para-onde-vai-o-dolar-assista-economia-no-sofa\/","title":{"rendered":"Quer saber para onde vai o d\u00f3lar? Assista Economia no sof\u00e1"},"content":{"rendered":"<p>No programa de hoje, voc\u00ea vai entender um pouco do que est\u00e1 acontecendo com o d\u00f3lar, que pode ir abaixo de R$ 3.<\/p>\n<p>&nbsp;<\/p>\n<p>Tamb\u00e9m damos dicas para voc\u00ea controlar melhor as tarifas banc\u00e1rias e para tirar proveito da forte alta da bolsa de valores.<\/p>\n<p>&nbsp;<\/p>\n<p>Qualquer d\u00favida ou sugest\u00e3o, mande para economianosofa@gmail.com.<\/p>\n<p>&nbsp;<\/p>\n<p>No pr\u00f3ximo programa, o tema principal ser\u00e1 a reforma da Previd\u00eancia. Aguarde.<\/p>\n<p>&nbsp;<\/p>\n<p><iframe loading=\"lazy\" title=\"Economia no Sof\u00e1 #2\" width=\"1440\" height=\"810\" src=\"https:\/\/www.youtube.com\/embed\/Q348bBFwgy0?feature=oembed\" frameborder=\"0\" allow=\"accelerometer; autoplay; clipboard-write; encrypted-media; gyroscope; picture-in-picture; web-share\" referrerpolicy=\"strict-origin-when-cross-origin\" allowfullscreen><\/iframe><\/p>\n","protected":false},"excerpt":{"rendered":"<p>No programa de hoje, voc\u00ea vai entender um pouco do que est\u00e1 acontecendo com o d\u00f3lar, que pode ir abaixo de R$ 3. &nbsp; Tamb\u00e9m damos dicas para voc\u00ea controlar melhor as tarifas banc\u00e1rias e para tirar proveito da forte alta da bolsa de valores. &nbsp; Qualquer d\u00favida ou sugest\u00e3o, mande para economianosofa@gmail.com. &nbsp; No [&hellip;]<\/p>\n","protected":false},"author":22,"featured_media":2651,"comment_status":"open","ping_status":"closed","sticky":false,"template":"","format":"standard","meta":{"footnotes":""},"categories":[600],"tags":[991,343,959,279,313],"class_list":["post-2649","post","type-post","status-publish","format-standard","has-post-thumbnail","hentry","category-economia","tag-bolsa-de-valores","tag-dolar","tag-economia-no-sofa","tag-queda","tag-tarifas-bancarias"],"_links":{"self":[{"href":"https:\/\/blogs.correiobraziliense.com.br\/vicente\/wp-json\/wp\/v2\/posts\/2649","targetHints":{"allow":["GET"]}}],"collection":[{"href":"https:\/\/blogs.correiobraziliense.com.br\/vicente\/wp-json\/wp\/v2\/posts"}],"about":[{"href":"https:\/\/blogs.correiobraziliense.com.br\/vicente\/wp-json\/wp\/v2\/types\/post"}],"author":[{"embeddable":true,"href":"https:\/\/blogs.correiobraziliense.com.br\/vicente\/wp-json\/wp\/v2\/users\/22"}],"replies":[{"embeddable":true,"href":"https:\/\/blogs.correiobraziliense.com.br\/vicente\/wp-json\/wp\/v2\/comments?post=2649"}],"version-history":[{"count":2,"href":"https:\/\/blogs.correiobraziliense.com.br\/vicente\/wp-json\/wp\/v2\/posts\/2649\/revisions"}],"predecessor-version":[{"id":2652,"href":"https:\/\/blogs.correiobraziliense.com.br\/vicente\/wp-json\/wp\/v2\/posts\/2649\/revisions\/2652"}],"wp:featuredmedia":[{"embeddable":true,"href":"https:\/\/blogs.correiobraziliense.com.br\/vicente\/wp-json\/wp\/v2\/media\/2651"}],"wp:attachment":[{"href":"https:\/\/blogs.correiobraziliense.com.br\/vicente\/wp-json\/wp\/v2\/media?parent=2649"}],"wp:term":[{"taxonomy":"category","embeddable":true,"href":"https:\/\/blogs.correiobraziliense.com.br\/vicente\/wp-json\/wp\/v2\/categories?post=2649"},{"taxonomy":"post_tag","embeddable":true,"href":"https:\/\/blogs.correiobraziliense.com.br\/vicente\/wp-json\/wp\/v2\/tags?post=2649"}],"curies":[{"name":"wp","href":"https:\/\/api.w.org\/{rel}","templated":true}]}}