{"id":2640,"date":"2016-08-15T10:34:11","date_gmt":"2016-08-15T13:34:11","guid":{"rendered":"https:\/\/blogs.correiobraziliense.com.br\/vicente\/?p=2640"},"modified":"2016-08-15T10:35:10","modified_gmt":"2016-08-15T13:35:10","slug":"o-que-helio-melancia-jose-quer-com-receita","status":"publish","type":"post","link":"https:\/\/blogs.correiobraziliense.com.br\/vicente\/o-que-helio-melancia-jose-quer-com-receita\/","title":{"rendered":"O que H\u00e9lio &#8220;melancia&#8221; Jos\u00e9 quer com a Receita?"},"content":{"rendered":"<p>O senador H\u00e9lio Jos\u00e9 (PMDB-DF), que ficou conhecido nacionalmente depois da divulga\u00e7\u00e3o de um \u00e1udio no qual ele diz que pode nomear at\u00e9 uma &#8220;melancia&#8221; para a Secretaria de Patrim\u00f4nio da Uni\u00e3o (SPU), est\u00e1 na agenda desta segunda-feira do secret\u00e1rio da Receita Federal, Jorge Rachid.<\/p>\n<p>&nbsp;<\/p>\n<p>N\u00e3o se sabe o tema da conversa, mantido sob sigilo dos dois lados. Mas, certamente, o senador melancia tem muito com o que se preocupar em rela\u00e7\u00e3o \u00e0 Receita. A ficha dele n\u00e3o \u00e9 nada limpa. H\u00e9lio Jos\u00e9 chegou ao Senado por ser o primeiro suplente do governador do Distrito Federal, Rodrigo Rollemberg.<\/p>\n<p>&nbsp;<\/p>\n<p>Ao se referir \u00e0 SPU na grava\u00e7\u00e3o, o senador foi enf\u00e1tico: &#8220;Isso aqui \u00e9 nosso. Isso aqui eu ponho quem eu quiser, a melancia que eu quiser aqui, eu vou colocar&#8221;. A declara\u00e7\u00e3o provocou como\u00e7\u00e3o entre os servidores da secretaria e irritou o Pal\u00e1cio do Planalto, pois Jos\u00e9 \u00e9 do partido do presidente interino, Michel Temer.<\/p>\n<p>&nbsp;<\/p>\n<p><em>Bras\u00edlia, 07h10min<\/em><\/p>\n","protected":false},"excerpt":{"rendered":"<p>O senador H\u00e9lio Jos\u00e9 (PMDB-DF), que ficou conhecido nacionalmente depois da divulga\u00e7\u00e3o de um \u00e1udio no qual ele diz que pode nomear at\u00e9 uma &#8220;melancia&#8221; para a Secretaria de Patrim\u00f4nio da Uni\u00e3o (SPU), est\u00e1 na agenda desta segunda-feira do secret\u00e1rio da Receita Federal, Jorge Rachid. &nbsp; N\u00e3o se sabe o tema da conversa, mantido sob [&hellip;]<\/p>\n","protected":false},"author":22,"featured_media":0,"comment_status":"open","ping_status":"closed","sticky":false,"template":"","format":"standard","meta":{"footnotes":""},"categories":[600],"tags":[755,983,985,153,988,984,986,987],"class_list":["post-2640","post","type-post","status-publish","format-standard","hentry","category-economia","tag-distrito-federal","tag-helio-jose","tag-melancia","tag-pmdb","tag-rodrigo-rollemberg","tag-senador","tag-spu","tag-suplente"],"_links":{"self":[{"href":"https:\/\/blogs.correiobraziliense.com.br\/vicente\/wp-json\/wp\/v2\/posts\/2640","targetHints":{"allow":["GET"]}}],"collection":[{"href":"https:\/\/blogs.correiobraziliense.com.br\/vicente\/wp-json\/wp\/v2\/posts"}],"about":[{"href":"https:\/\/blogs.correiobraziliense.com.br\/vicente\/wp-json\/wp\/v2\/types\/post"}],"author":[{"embeddable":true,"href":"https:\/\/blogs.correiobraziliense.com.br\/vicente\/wp-json\/wp\/v2\/users\/22"}],"replies":[{"embeddable":true,"href":"https:\/\/blogs.correiobraziliense.com.br\/vicente\/wp-json\/wp\/v2\/comments?post=2640"}],"version-history":[{"count":1,"href":"https:\/\/blogs.correiobraziliense.com.br\/vicente\/wp-json\/wp\/v2\/posts\/2640\/revisions"}],"predecessor-version":[{"id":2641,"href":"https:\/\/blogs.correiobraziliense.com.br\/vicente\/wp-json\/wp\/v2\/posts\/2640\/revisions\/2641"}],"wp:attachment":[{"href":"https:\/\/blogs.correiobraziliense.com.br\/vicente\/wp-json\/wp\/v2\/media?parent=2640"}],"wp:term":[{"taxonomy":"category","embeddable":true,"href":"https:\/\/blogs.correiobraziliense.com.br\/vicente\/wp-json\/wp\/v2\/categories?post=2640"},{"taxonomy":"post_tag","embeddable":true,"href":"https:\/\/blogs.correiobraziliense.com.br\/vicente\/wp-json\/wp\/v2\/tags?post=2640"}],"curies":[{"name":"wp","href":"https:\/\/api.w.org\/{rel}","templated":true}]}}