{"id":2636,"date":"2016-08-14T10:10:55","date_gmt":"2016-08-14T13:10:55","guid":{"rendered":"https:\/\/blogs.correiobraziliense.com.br\/vicente\/?p=2636"},"modified":"2016-08-14T17:16:53","modified_gmt":"2016-08-14T20:16:53","slug":"estrutura-sindical","status":"publish","type":"post","link":"https:\/\/blogs.correiobraziliense.com.br\/vicente\/estrutura-sindical\/","title":{"rendered":"Estrutura sindical"},"content":{"rendered":"<p>POR PAULO SILVA PINTO<\/p>\n<p>&nbsp;<\/p>\n<p>O ex-presidente do Tribunal Superior do Trabalho (TST) Almir Pazzianotto j\u00e1 se acostumou a conversar com empres\u00e1rios estrangeiros que pensam em iniciar atividades no pa\u00eds, mas desistem depois de compreender os detalhes das leis trabalhistas. \u201cEsse sistema foi criado em outra \u00e9poca, e tem como foco proteger quem tem menos condi\u00e7\u00f5es de se defender. N\u00e3o deve ser usado para os profissionais mais bem pagos. Eles n\u00e3o s\u00e3o hipossuficientes e podem muito bem negociar as cl\u00e1usulas de seus contratos\u201d, argumenta ele, que foi tamb\u00e9m ministro do Trabalho de Jos\u00e9 Sarney.<\/p>\n<p>&nbsp;<\/p>\n<p>Pazzianotto tentou, sem sucesso, alterar as regras trabalhistas quando era ministro. Afirma que um grande trunfo pode ser o fatiamento das propostas, defendido pelo governo. \u201cOs trabalhadores v\u00e3o perceber que t\u00eam vantagens, e, assim, v\u00e3o apoiar outras mudan\u00e7as\u201d, diz. O ex-ministro gostaria ainda de ver mudan\u00e7as na estrutura sindical. O sistema, tamb\u00e9m da d\u00e9cada de 1940, estabelece exclusividade para associa\u00e7\u00f5es de trabalhadores e empregados em cada cidade ou regi\u00e3o e financiamento compuls\u00f3rio por meio do imposto sindical. \u201cNa Justi\u00e7a do Trabalho, uma das restri\u00e7\u00f5es \u00e0s negocia\u00e7\u00f5es \u00e9 o entendimento, pelos ju\u00edzes, de que os sindicatos n\u00e3o s\u00e3o representativos, por isso os acordos s\u00e3o suspeitos\u201d, argumenta.<\/p>\n<p>&nbsp;<\/p>\n<p>O senador Paulo Paim (PT-RS) afirma que qualquer mudan\u00e7a tem de valer para todos, n\u00e3o s\u00f3 para os sindicatos de trabalhadores. O presidente do Conselho de Rela\u00e7\u00f5es do Trabalho da Confedera\u00e7\u00e3o Nacional da Ind\u00fastria (CNI), Alexandre Furlan, se diz favor\u00e1vel a um novo marco regulat\u00f3rio. \u201cMas essa \u00e9 a minha opini\u00e3o. N\u00e3o h\u00e1 consenso entre os empres\u00e1rios\u201d, ressalva.<\/p>\n<p>&nbsp;<\/p>\n<p><i>Bras\u00edlia, 10h10min<\/i><\/p>\n","protected":false},"excerpt":{"rendered":"<p>POR PAULO SILVA PINTO &nbsp; O ex-presidente do Tribunal Superior do Trabalho (TST) Almir Pazzianotto j\u00e1 se acostumou a conversar com empres\u00e1rios estrangeiros que pensam em iniciar atividades no pa\u00eds, mas desistem depois de compreender os detalhes das leis trabalhistas. \u201cEsse sistema foi criado em outra \u00e9poca, e tem como foco proteger quem tem menos [&hellip;]<\/p>\n","protected":false},"author":22,"featured_media":0,"comment_status":"open","ping_status":"closed","sticky":false,"template":"","format":"standard","meta":{"footnotes":""},"categories":[600],"tags":[979,978,111,936],"class_list":["post-2636","post","type-post","status-publish","format-standard","hentry","category-economia","tag-almir-pazzianotto","tag-estrutura-sindical","tag-michel-temer","tag-reforma-trabalhista"],"_links":{"self":[{"href":"https:\/\/blogs.correiobraziliense.com.br\/vicente\/wp-json\/wp\/v2\/posts\/2636","targetHints":{"allow":["GET"]}}],"collection":[{"href":"https:\/\/blogs.correiobraziliense.com.br\/vicente\/wp-json\/wp\/v2\/posts"}],"about":[{"href":"https:\/\/blogs.correiobraziliense.com.br\/vicente\/wp-json\/wp\/v2\/types\/post"}],"author":[{"embeddable":true,"href":"https:\/\/blogs.correiobraziliense.com.br\/vicente\/wp-json\/wp\/v2\/users\/22"}],"replies":[{"embeddable":true,"href":"https:\/\/blogs.correiobraziliense.com.br\/vicente\/wp-json\/wp\/v2\/comments?post=2636"}],"version-history":[{"count":1,"href":"https:\/\/blogs.correiobraziliense.com.br\/vicente\/wp-json\/wp\/v2\/posts\/2636\/revisions"}],"predecessor-version":[{"id":2637,"href":"https:\/\/blogs.correiobraziliense.com.br\/vicente\/wp-json\/wp\/v2\/posts\/2636\/revisions\/2637"}],"wp:attachment":[{"href":"https:\/\/blogs.correiobraziliense.com.br\/vicente\/wp-json\/wp\/v2\/media?parent=2636"}],"wp:term":[{"taxonomy":"category","embeddable":true,"href":"https:\/\/blogs.correiobraziliense.com.br\/vicente\/wp-json\/wp\/v2\/categories?post=2636"},{"taxonomy":"post_tag","embeddable":true,"href":"https:\/\/blogs.correiobraziliense.com.br\/vicente\/wp-json\/wp\/v2\/tags?post=2636"}],"curies":[{"name":"wp","href":"https:\/\/api.w.org\/{rel}","templated":true}]}}