{"id":2630,"date":"2016-08-13T17:30:15","date_gmt":"2016-08-13T20:30:15","guid":{"rendered":"https:\/\/blogs.correiobraziliense.com.br\/vicente\/?p=2630"},"modified":"2016-08-13T21:16:33","modified_gmt":"2016-08-14T00:16:33","slug":"com-uber-taxistas-retomam-desconto-de-30-nas-corridas","status":"publish","type":"post","link":"https:\/\/blogs.correiobraziliense.com.br\/vicente\/com-uber-taxistas-retomam-desconto-de-30-nas-corridas\/","title":{"rendered":"Com Uber, taxistas retomam desconto de 30% nas corridas"},"content":{"rendered":"<p>A concorr\u00eancia \u00e9 uma aliada da qual os consumidores n\u00e3o podem abrir m\u00e3o nunca. Com o forte crescimento do Uber no Distrito Federal, parte dos taxistas retomou a pr\u00e1tica do desconto de 30% nas corridas. Eles haviam abandonado o abatimento por se sentirem donos do mercado. Tiveram que se render \u00e0 realidade.<\/p>\n<p>&nbsp;<\/p>\n<p>O servi\u00e7o de t\u00e1xi no Distrito Federal sempre foi ruim, mas, nos \u00faltimos anos, havia piorado muito, com profissionais maleducados, que atendiam a clientela como se estivessem fazendo um favor. Antes de sentirem o baque da concorr\u00eancia do Uber, estavam partindo para o abuso, como cobrar pelas malas de passageiros que transportavam do e para o aeroporto.<\/p>\n<p>&nbsp;<\/p>\n<p>Agora, al\u00e9m do desconto de 30% que v\u00e1rios taxistas est\u00e3o dando no valor das corridas, a simpatia voltou. Se renderam \u00e0 for\u00e7a da concorr\u00eancia. Se continuassem prestando o mau servi\u00e7o de antes, seriam limados do mercado. Afinal, os consumidores n\u00e3o s\u00e3o bobos. E adoram ser bem tratados.<\/p>\n<p>&nbsp;<\/p>\n<p><i>Bras\u00edlia, 17h30min<\/i><\/p>\n","protected":false},"excerpt":{"rendered":"<p>A concorr\u00eancia \u00e9 uma aliada da qual os consumidores n\u00e3o podem abrir m\u00e3o nunca. Com o forte crescimento do Uber no Distrito Federal, parte dos taxistas retomou a pr\u00e1tica do desconto de 30% nas corridas. Eles haviam abandonado o abatimento por se sentirem donos do mercado. Tiveram que se render \u00e0 realidade. &nbsp; O servi\u00e7o [&hellip;]<\/p>\n","protected":false},"author":22,"featured_media":0,"comment_status":"open","ping_status":"closed","sticky":false,"template":"","format":"standard","meta":{"footnotes":""},"categories":[600],"tags":[972,552,755,970,971,973],"class_list":["post-2630","post","type-post","status-publish","format-standard","hentry","category-economia","tag-concorrencia","tag-consumidores","tag-distrito-federal","tag-taxis","tag-taxistas","tag-uber"],"_links":{"self":[{"href":"https:\/\/blogs.correiobraziliense.com.br\/vicente\/wp-json\/wp\/v2\/posts\/2630","targetHints":{"allow":["GET"]}}],"collection":[{"href":"https:\/\/blogs.correiobraziliense.com.br\/vicente\/wp-json\/wp\/v2\/posts"}],"about":[{"href":"https:\/\/blogs.correiobraziliense.com.br\/vicente\/wp-json\/wp\/v2\/types\/post"}],"author":[{"embeddable":true,"href":"https:\/\/blogs.correiobraziliense.com.br\/vicente\/wp-json\/wp\/v2\/users\/22"}],"replies":[{"embeddable":true,"href":"https:\/\/blogs.correiobraziliense.com.br\/vicente\/wp-json\/wp\/v2\/comments?post=2630"}],"version-history":[{"count":1,"href":"https:\/\/blogs.correiobraziliense.com.br\/vicente\/wp-json\/wp\/v2\/posts\/2630\/revisions"}],"predecessor-version":[{"id":2631,"href":"https:\/\/blogs.correiobraziliense.com.br\/vicente\/wp-json\/wp\/v2\/posts\/2630\/revisions\/2631"}],"wp:attachment":[{"href":"https:\/\/blogs.correiobraziliense.com.br\/vicente\/wp-json\/wp\/v2\/media?parent=2630"}],"wp:term":[{"taxonomy":"category","embeddable":true,"href":"https:\/\/blogs.correiobraziliense.com.br\/vicente\/wp-json\/wp\/v2\/categories?post=2630"},{"taxonomy":"post_tag","embeddable":true,"href":"https:\/\/blogs.correiobraziliense.com.br\/vicente\/wp-json\/wp\/v2\/tags?post=2630"}],"curies":[{"name":"wp","href":"https:\/\/api.w.org\/{rel}","templated":true}]}}