{"id":2609,"date":"2016-08-12T15:30:56","date_gmt":"2016-08-12T18:30:56","guid":{"rendered":"https:\/\/blogs.correiobraziliense.com.br\/vicente\/?p=2609"},"modified":"2016-08-12T16:43:02","modified_gmt":"2016-08-12T19:43:02","slug":"economia-no-sofa-esta-no-ar","status":"publish","type":"post","link":"https:\/\/blogs.correiobraziliense.com.br\/vicente\/economia-no-sofa-esta-no-ar\/","title":{"rendered":"Economia no sof\u00e1 est\u00e1 no ar"},"content":{"rendered":"<p>Foram muitos dias de expectativa, mas, finalmente, lan\u00e7amos hoje o primeiro programa <em>Economia no sof\u00e1<\/em>. A ideia \u00e9 falar de economia de uma forma simples, mesclando os temas mais palpitantes da semana com dicas para os consumidores e, claro, m\u00fasica.<\/p>\n<p>&nbsp;<\/p>\n<p><iframe loading=\"lazy\" width=\"1440\" height=\"810\" src=\"https:\/\/www.youtube.com\/embed\/cjZTv3CpXkA?feature=oembed\" frameborder=\"0\" allowfullscreen><\/iframe><\/p>\n<p>&nbsp;<\/p>\n<p>Esse programa \u00e9 o in\u00edcio de um projeto maior que est\u00e1 sendo elaborado para entregar a voc\u00ea a melhor informa\u00e7\u00e3o poss\u00edvel de forma descontra\u00edda. Com certeza, voc\u00ea se surpreender\u00e1 a cada edi\u00e7\u00e3o semanal do <em>Economia no sof\u00e1<\/em>.<\/p>\n<p>&nbsp;<\/p>\n<p>Os programas contam com as participa\u00e7\u00f5es preciosas de Rosana Hessel, Cristiane Bonfanti, Simone Kafruni, Vera Batista, Celia Perrone, Marlla Sabino, Alessandra Azevedo, Hamilton Ferrari (viol\u00e3o), Giza Soares (voz), Rodrigo Nunes (imagem) e Ares Bruno (som e edi\u00e7\u00e3o).<\/p>\n<p>&nbsp;<\/p>\n<p>Estamos abertos a todo tipo de sugest\u00e3o, cr\u00edtica e apoio. N\u00e3o se acanhe. Todas as contribui\u00e7\u00f5es ser\u00e3o muito bem-vindas.<\/p>\n<p>&nbsp;<\/p>\n<p>Muito obrigado.<\/p>\n","protected":false},"excerpt":{"rendered":"<p>Foram muitos dias de expectativa, mas, finalmente, lan\u00e7amos hoje o primeiro programa Economia no sof\u00e1. A ideia \u00e9 falar de economia de uma forma simples, mesclando os temas mais palpitantes da semana com dicas para os consumidores e, claro, m\u00fasica. &nbsp; &nbsp; Esse programa \u00e9 o in\u00edcio de um projeto maior que est\u00e1 sendo elaborado [&hellip;]<\/p>\n","protected":false},"author":22,"featured_media":2614,"comment_status":"open","ping_status":"closed","sticky":false,"template":"","format":"standard","meta":{"footnotes":""},"categories":[600],"tags":[967,962,959,964,965,960,966,961,963,291],"class_list":["post-2609","post","type-post","status-publish","format-standard","has-post-thumbnail","hentry","category-economia","tag-ares-bruno","tag-cristiane-bonfanti","tag-economia-no-sofa","tag-hamilton-ferrari","tag-marlla-sabino","tag-programa","tag-rodrigo-nunes","tag-rosana-hessel","tag-vera-batista","tag-vicente-nunes"],"_links":{"self":[{"href":"https:\/\/blogs.correiobraziliense.com.br\/vicente\/wp-json\/wp\/v2\/posts\/2609","targetHints":{"allow":["GET"]}}],"collection":[{"href":"https:\/\/blogs.correiobraziliense.com.br\/vicente\/wp-json\/wp\/v2\/posts"}],"about":[{"href":"https:\/\/blogs.correiobraziliense.com.br\/vicente\/wp-json\/wp\/v2\/types\/post"}],"author":[{"embeddable":true,"href":"https:\/\/blogs.correiobraziliense.com.br\/vicente\/wp-json\/wp\/v2\/users\/22"}],"replies":[{"embeddable":true,"href":"https:\/\/blogs.correiobraziliense.com.br\/vicente\/wp-json\/wp\/v2\/comments?post=2609"}],"version-history":[{"count":4,"href":"https:\/\/blogs.correiobraziliense.com.br\/vicente\/wp-json\/wp\/v2\/posts\/2609\/revisions"}],"predecessor-version":[{"id":2613,"href":"https:\/\/blogs.correiobraziliense.com.br\/vicente\/wp-json\/wp\/v2\/posts\/2609\/revisions\/2613"}],"wp:featuredmedia":[{"embeddable":true,"href":"https:\/\/blogs.correiobraziliense.com.br\/vicente\/wp-json\/wp\/v2\/media\/2614"}],"wp:attachment":[{"href":"https:\/\/blogs.correiobraziliense.com.br\/vicente\/wp-json\/wp\/v2\/media?parent=2609"}],"wp:term":[{"taxonomy":"category","embeddable":true,"href":"https:\/\/blogs.correiobraziliense.com.br\/vicente\/wp-json\/wp\/v2\/categories?post=2609"},{"taxonomy":"post_tag","embeddable":true,"href":"https:\/\/blogs.correiobraziliense.com.br\/vicente\/wp-json\/wp\/v2\/tags?post=2609"}],"curies":[{"name":"wp","href":"https:\/\/api.w.org\/{rel}","templated":true}]}}