{"id":25924,"date":"2022-09-30T10:12:49","date_gmt":"2022-09-30T13:12:49","guid":{"rendered":"https:\/\/blogs.correiobraziliense.com.br\/vicente\/?p=25924"},"modified":"2022-09-30T19:11:35","modified_gmt":"2022-09-30T22:11:35","slug":"divida-publica-bruta-cresce-e-soma-r-7231-trilhoes-em-agosto","status":"publish","type":"post","link":"https:\/\/blogs.correiobraziliense.com.br\/vicente\/divida-publica-bruta-cresce-e-soma-r-7231-trilhoes-em-agosto\/","title":{"rendered":"D\u00edvida p\u00fablica bruta cresce e soma R$ 7,231 trilh\u00f5es em agosto"},"content":{"rendered":"<p><span style=\"font-weight: 400\">ROSANA HESSEL<\/span><\/p>\n<p>&nbsp;<\/p>\n<p><span style=\"font-weight: 400\">O principal indicador de endividamento do pa\u00eds, a d\u00edvida p\u00fablica bruta apresentou redu\u00e7\u00e3o em rela\u00e7\u00e3o ao Produto Interno Bruto (PIB), mas continua batendo recorde em valores nominais. Em agosto, conforme dados do Banco Central divulgados nesta sexta-feira (30\/9), somou R$ 7,231 trilh\u00f5es, o equivalente a 77,5% do PIB, novo recorde. <\/span><\/p>\n<p>&nbsp;<\/p>\n<p><span style=\"font-weight: 400\">A taxa est\u00e1 abaixo dos 78,2% do PIB contabilizados em julho, devido ao aumento pela infla\u00e7\u00e3o do PIB nominal usado como denominador do c\u00e1lculo. Naquele m\u00eas, a d\u00edvida bruta somou R$ 7,217 trilh\u00f5es.\u00a0<\/span><span style=\"font-weight: 400\">No acumulado do ano, a d\u00edvida p\u00fablica bruta aumentou R$ 265 bilh\u00f5es. Enquanto isso, a d\u00edvida p\u00fablica l\u00edquida somou R$ 5,4 trilh\u00f5es e atingiu 58,2% do PIB, dado 0,5 ponto percentual acima do registrado no m\u00eas anterior.<\/span><\/p>\n<p>&nbsp;<\/p>\n<p><span style=\"font-weight: 400\">Conforme dados do Banco Central, o setor p\u00fablico consolidado &#8212; que inclui os governos federal e regionais e estatais \u2013 registrou superavit prim\u00e1rio de R$ 30,3 bilh\u00f5es em agosto, dado 81,4% acima do saldo positivo registrado em agosto de 2021.Enquanto o governo federal apresentou rombo fiscal de R$ 49,8 bilh\u00f5es, os governos regionais e as estatais tiveram superavits de R$ 18,5 bilh\u00f5es e de R$ 970 milh\u00f5es, respectivamente.<\/span><\/p>\n<p>&nbsp;<\/p>\n<p><span style=\"font-weight: 400\">Nos 12 meses encerrados em agosto, o superavit prim\u00e1rio do setor p\u00fablico consolidado somou R$ 183,5 bilh\u00f5es, equivalente a 1,97% do PIB, de acordo com o BC.<\/span><\/p>\n<p>&nbsp;<\/p>\n<p><span style=\"font-weight: 400\">Os juros nominais do setor p\u00fablico consolidado, apropriados por compet\u00eancia, somaram R$ 35,6 bilh\u00f5es em agosto de 2022, comparados a R$ 46,5 bilh\u00f5es em agosto de 2021. Segundo o BC, contribuiu para a redu\u00e7\u00e3o dos juros no per\u00edodo a melhora no resultado das opera\u00e7\u00f5es de swap cambial (ganho de R$ 11,3 bilh\u00f5es em agosto de 2022 e perda de R$ 7,6 bilh\u00f5es em agosto de 2021). <\/span><\/p>\n<p>&nbsp;<\/p>\n<p><span style=\"font-weight: 400\">No acumulado em 12 meses at\u00e9 agosto, a conta de juros nominais somou R$ 575,6 bilh\u00f5es, o equivalente a 6,17% do PIB. No mesmo per\u00edodo de 2021, essa fatura era de R<\/span><span style=\"font-weight: 400\">$ 335,7 bilh\u00f5es ou 4,03% do PIB. <\/span><\/p>\n<p>&nbsp;<\/p>\n<p><span style=\"font-weight: 400\">Ali\u00e1s, o custo da d\u00edvida n\u00e3o para de crescer, pois a taxa de juros m\u00e9dia impl\u00edcita da d\u00edvida l\u00edquida total, por exemplo, passou de 5,1% ao ano, no acumulado de janeiro a agosto de 2021, para\u00a07,2% anuais, no mesmo per\u00edodo deste ano. Essa taxa, ali\u00e1s, \u00e9 superior aos 7% registrados nos primeiros oito meses de 2019, ou seja, os juros da d\u00edvida p\u00fablica j\u00e1 superaram patamares pr\u00e9-pandemia.\u00a0<\/span><\/p>\n<p>&nbsp;<\/p>\n<p><span style=\"font-weight: 400\">O resultado nominal do setor p\u00fablico consolidado, que inclui o resultado prim\u00e1rio e os juros nominais apropriados, ficou negativo em R$ 65,9 bilh\u00f5es no m\u00eas passado. No acumulado em 12 meses, o deficit nominal chegou a R$ 392 bilh\u00f5es (4,20% do PIB), de acordo com os dados do BC.<\/span><\/p>\n<p><span style=\"font-weight: 400\">\u00a0<\/span><\/p>\n","protected":false},"excerpt":{"rendered":"<p>ROSANA HESSEL &nbsp; O principal indicador de endividamento do pa\u00eds, a d\u00edvida p\u00fablica bruta apresentou redu\u00e7\u00e3o em rela\u00e7\u00e3o ao Produto Interno Bruto (PIB), mas continua batendo recorde em valores nominais. Em agosto, conforme dados do Banco Central divulgados nesta sexta-feira (30\/9), somou R$ 7,231 trilh\u00f5es, o equivalente a 77,5% do PIB, novo recorde. &nbsp; A [&hellip;]<\/p>\n","protected":false},"author":22,"featured_media":15102,"comment_status":"open","ping_status":"closed","sticky":false,"template":"","format":"standard","meta":{"footnotes":""},"categories":[600],"tags":[3,5120,3294],"class_list":["post-25924","post","type-post","status-publish","format-standard","has-post-thumbnail","hentry","category-economia","tag-banco-central","tag-dados-fiscais","tag-divida-bruta"],"_links":{"self":[{"href":"https:\/\/blogs.correiobraziliense.com.br\/vicente\/wp-json\/wp\/v2\/posts\/25924","targetHints":{"allow":["GET"]}}],"collection":[{"href":"https:\/\/blogs.correiobraziliense.com.br\/vicente\/wp-json\/wp\/v2\/posts"}],"about":[{"href":"https:\/\/blogs.correiobraziliense.com.br\/vicente\/wp-json\/wp\/v2\/types\/post"}],"author":[{"embeddable":true,"href":"https:\/\/blogs.correiobraziliense.com.br\/vicente\/wp-json\/wp\/v2\/users\/22"}],"replies":[{"embeddable":true,"href":"https:\/\/blogs.correiobraziliense.com.br\/vicente\/wp-json\/wp\/v2\/comments?post=25924"}],"version-history":[{"count":8,"href":"https:\/\/blogs.correiobraziliense.com.br\/vicente\/wp-json\/wp\/v2\/posts\/25924\/revisions"}],"predecessor-version":[{"id":25936,"href":"https:\/\/blogs.correiobraziliense.com.br\/vicente\/wp-json\/wp\/v2\/posts\/25924\/revisions\/25936"}],"wp:featuredmedia":[{"embeddable":true,"href":"https:\/\/blogs.correiobraziliense.com.br\/vicente\/wp-json\/wp\/v2\/media\/15102"}],"wp:attachment":[{"href":"https:\/\/blogs.correiobraziliense.com.br\/vicente\/wp-json\/wp\/v2\/media?parent=25924"}],"wp:term":[{"taxonomy":"category","embeddable":true,"href":"https:\/\/blogs.correiobraziliense.com.br\/vicente\/wp-json\/wp\/v2\/categories?post=25924"},{"taxonomy":"post_tag","embeddable":true,"href":"https:\/\/blogs.correiobraziliense.com.br\/vicente\/wp-json\/wp\/v2\/tags?post=25924"}],"curies":[{"name":"wp","href":"https:\/\/api.w.org\/{rel}","templated":true}]}}