{"id":2589,"date":"2016-08-11T20:01:28","date_gmt":"2016-08-11T23:01:28","guid":{"rendered":"https:\/\/blogs.correiobraziliense.com.br\/vicente\/?p=2589"},"modified":"2016-08-11T20:21:40","modified_gmt":"2016-08-11T23:21:40","slug":"militares-entrarao-na-reforma-da-previdencia-em-uma-segunda-fase","status":"publish","type":"post","link":"https:\/\/blogs.correiobraziliense.com.br\/vicente\/militares-entrarao-na-reforma-da-previdencia-em-uma-segunda-fase\/","title":{"rendered":"Militares entrar\u00e3o na reforma da Previd\u00eancia em uma segunda fase"},"content":{"rendered":"<p>POR PAULO SILVA PINTO<\/p>\n<p>&nbsp;<\/p>\n<p>Os militares ser\u00e3o poupados da proposta de reforma da Previd\u00eancia que o governo pretende enviar ao Congresso dias depois da vota\u00e7\u00e3o final do impeachment definitivo de Dilma Rousseff. Mas n\u00e3o ficar\u00e3o de fora da discuss\u00e3o seguinte, segundo fontes do governo. A ideia \u00e9, na primeira etapa, focar apenas no que depende de altera\u00e7\u00e3o constitucional. \u00c9 o caso, sobretudo, da idade m\u00ednima e da progressiva equival\u00eancia de contribui\u00e7\u00e3o de homens e mulheres.<\/p>\n<p>&nbsp;<\/p>\n<p>Na etapa seguinte, com as altera\u00e7\u00f5es j\u00e1 inscritas na Constitui\u00e7\u00e3o, ser\u00e1 a hora de discutir projetos de lei sobre o tema, tanto para regulamentar o que for alterado quando para tratar de outros itens. \u00c9 a\u00ed que v\u00e3o entrar os militares. Uma das ideias em avalia\u00e7\u00e3o \u00e9 que eles sejam obrigados a permanecer na ativa durante 35 anos em vez de 30 anos, e s\u00f3 ent\u00e3o passariam \u00e0 reserva. Como o tempo come\u00e7a a contar na academia militar, antes dos 50 v\u00e1rios oficiais recebem benef\u00edcios enquanto descansam.<\/p>\n<p>&nbsp;<\/p>\n<p><em>Bras\u00edlia, 20h01min<\/em><\/p>\n","protected":false},"excerpt":{"rendered":"<p>POR PAULO SILVA PINTO &nbsp; Os militares ser\u00e3o poupados da proposta de reforma da Previd\u00eancia que o governo pretende enviar ao Congresso dias depois da vota\u00e7\u00e3o final do impeachment definitivo de Dilma Rousseff. Mas n\u00e3o ficar\u00e3o de fora da discuss\u00e3o seguinte, segundo fontes do governo. A ideia \u00e9, na primeira etapa, focar apenas no que [&hellip;]<\/p>\n","protected":false},"author":22,"featured_media":0,"comment_status":"open","ping_status":"closed","sticky":false,"template":"","format":"standard","meta":{"footnotes":""},"categories":[600],"tags":[946,769,429,614,945],"class_list":["post-2589","post","type-post","status-publish","format-standard","hentry","category-economia","tag-idade","tag-militares","tag-previdencia","tag-reforma","tag-reserva"],"_links":{"self":[{"href":"https:\/\/blogs.correiobraziliense.com.br\/vicente\/wp-json\/wp\/v2\/posts\/2589","targetHints":{"allow":["GET"]}}],"collection":[{"href":"https:\/\/blogs.correiobraziliense.com.br\/vicente\/wp-json\/wp\/v2\/posts"}],"about":[{"href":"https:\/\/blogs.correiobraziliense.com.br\/vicente\/wp-json\/wp\/v2\/types\/post"}],"author":[{"embeddable":true,"href":"https:\/\/blogs.correiobraziliense.com.br\/vicente\/wp-json\/wp\/v2\/users\/22"}],"replies":[{"embeddable":true,"href":"https:\/\/blogs.correiobraziliense.com.br\/vicente\/wp-json\/wp\/v2\/comments?post=2589"}],"version-history":[{"count":1,"href":"https:\/\/blogs.correiobraziliense.com.br\/vicente\/wp-json\/wp\/v2\/posts\/2589\/revisions"}],"predecessor-version":[{"id":2590,"href":"https:\/\/blogs.correiobraziliense.com.br\/vicente\/wp-json\/wp\/v2\/posts\/2589\/revisions\/2590"}],"wp:attachment":[{"href":"https:\/\/blogs.correiobraziliense.com.br\/vicente\/wp-json\/wp\/v2\/media?parent=2589"}],"wp:term":[{"taxonomy":"category","embeddable":true,"href":"https:\/\/blogs.correiobraziliense.com.br\/vicente\/wp-json\/wp\/v2\/categories?post=2589"},{"taxonomy":"post_tag","embeddable":true,"href":"https:\/\/blogs.correiobraziliense.com.br\/vicente\/wp-json\/wp\/v2\/tags?post=2589"}],"curies":[{"name":"wp","href":"https:\/\/api.w.org\/{rel}","templated":true}]}}