{"id":2574,"date":"2016-08-11T05:09:47","date_gmt":"2016-08-11T08:09:47","guid":{"rendered":"https:\/\/blogs.correiobraziliense.com.br\/vicente\/?p=2574"},"modified":"2016-08-11T08:26:53","modified_gmt":"2016-08-11T11:26:53","slug":"coluna-no-correio-perdeu-meirelles","status":"publish","type":"post","link":"https:\/\/blogs.correiobraziliense.com.br\/vicente\/coluna-no-correio-perdeu-meirelles\/","title":{"rendered":"Coluna no Correio: Perdeu, Meirelles"},"content":{"rendered":"<p>Diz a sapi\u00eancia popular que, quando uma pessoa est\u00e1 tentando se justificar demais, \u00e9 porque fez algo muito errado ou est\u00e1 com a consci\u00eancia pesada. Pois esse ditado cabe perfeitamente ao ministro da Fazenda, Henrique Meirelles, que ocupou boa parte de sua agenda de ontem para dizer que n\u00e3o foi derrotado nem perdeu for\u00e7a diante da decis\u00e3o da C\u00e2mara dos Deputados de manter a farra dos governadores na concess\u00e3o de reajustes a servidores e na realiza\u00e7\u00e3o de concursos p\u00fablicos. At\u00e9 os parlamentares mudarem o projeto de renegocia\u00e7\u00e3o das d\u00edvidas dos estados, aprovado na madrugada de quarta-feira, o ministro dizia que a proibi\u00e7\u00e3o a esses itens por dois anos era inegoci\u00e1vel. Perdeu.<\/p>\n<p>&nbsp;<\/p>\n<p>Meirelles construiu, com seus assessores, um discurso pouco convincente. Ao ser questionado sobre sua derrota, afirmou que a proibi\u00e7\u00e3o para reajustes ao funcionalismo e para a realiza\u00e7\u00e3o de concursos n\u00e3o era relevante, uma vez que o projeto manteve o limite para o aumento de gastos dos estados \u00e0 infla\u00e7\u00e3o do ano anterior. Mas, se n\u00e3o era importante, por que ent\u00e3o ele se desgastou tanto para manter esse ponto no projeto de renegocia\u00e7\u00e3o das d\u00edvidas? Nos \u00faltimos dias, o ministro operou pesado nos bastidores para fazer valer o seu ponto de vista. A proibi\u00e7\u00e3o para reajustes e concursos entrou e saiu do projeto relatado pelo deputado Esperidi\u00e3o Amim diversas vezes, at\u00e9 que prevaleceu a posi\u00e7\u00e3o da C\u00e2mara.<\/p>\n<p>&nbsp;<\/p>\n<p>O chefe da equipe econ\u00f4mica sabe que seu cartaz com os investidores j\u00e1 n\u00e3o \u00e9 mais o mesmo de tr\u00eas meses atr\u00e1s, quando tomou posse. Mas ele est\u00e1 se fiando na reputa\u00e7\u00e3o que construiu ao longo dos anos para acomodar as derrotas que vem colecionando no governo. Meirelles sabe que, neste momento, o que realmente importa para os donos do dinheiro \u00e9 a aprova\u00e7\u00e3o, pelo Senado, do impeachment definitivo de Dilma Rousseff. Se o governo est\u00e1 fazendo concess\u00f5es para sair vitorioso nessa disputa pol\u00edtica, \u00e9 o pre\u00e7o a pagar. Nesse ponto, o ministro est\u00e1 coberto de raz\u00e3o.<\/p>\n<p>&nbsp;<\/p>\n<p>A partir do p\u00f3s-impeachment, por\u00e9m, Meirelles n\u00e3o ter\u00e1 essa complac\u00eancia toda. Cada nova derrota que venha sofrer, cada recuo que seja obrigado a dar, tudo ser\u00e1 computado nos pre\u00e7os dos ativos (d\u00f3lar, bolsa de valores e juros). Os investidores, inclusive, j\u00e1 anteciparam o prazo que dar\u00e3o para o governo aprovar, no Congresso, a Proposta de Emenda \u00e0 Constitui\u00e7\u00e3o (PEC) que limita o aumento dos gastos da Uni\u00e3o \u00e0 infla\u00e7\u00e3o do ano anterior: fim de outubro, logo depois das elei\u00e7\u00f5es municipais. Eles n\u00e3o concebem a ideia de que a vota\u00e7\u00e3o da PEC se arreste, a ponto de ficar para 2017. Se isso acontecer, certamente o ministro ser\u00e1 carimbado como fracassado e o t\u00e3o esperado ajuste fiscal ser\u00e1 uma miragem.<\/p>\n<p>&nbsp;<\/p>\n<p><b>Prioridade m\u00e1xima<\/b><\/p>\n<p>&nbsp;<\/p>\n<p>O fogo cruzado contra Meirelles tamb\u00e9m aumentar\u00e1 devido \u00e0 ansiedade dos agentes econ\u00f4micos pela redu\u00e7\u00e3o das taxas de juros. Sem sinais claros de que o ajuste fiscal avan\u00e7ou, o Banco Central n\u00e3o se sentir\u00e1 confort\u00e1vel para derrubar a Selic, que est\u00e1 em 14,25% ao ano. Nos recentes encontros que tiveram com economistas de mercado, tanto o presidente da institui\u00e7\u00e3o, Ilan Goldfajn, quanto os diretores de Pol\u00edtica Econ\u00f4mica, Carlos Viana, e de Assuntos Internacionais, Tiago Berriel, explicitaram que n\u00e3o bastar\u00e1 apenas que as estimativas de infla\u00e7\u00e3o para 2017 caiam.<\/p>\n<p>&nbsp;<\/p>\n<p>O BC, dizem eles, quando avalia as perspectivas para os juros, olha um conjunto de fatores. Se o ajuste fiscal fracassar, a Selic pode n\u00e3o cair ou recuar bem menos do que seria poss\u00edvel num mundo de taxas negativas e num pa\u00eds mergulhado na mais grave recess\u00e3o em quase 100 anos. Ou seja, Meirelles pode ser acusado de inviabilizar o trabalho da autoridade monet\u00e1ria, provocando uma gritaria contr\u00e1ria que, em nada, interessa ao presidente interino, Michel Temer.<\/p>\n<p>&nbsp;<\/p>\n<p>\u201cEstamos vendo que a infla\u00e7\u00e3o n\u00e3o d\u00e1 tr\u00e9gua, devido aos pre\u00e7os dos alimentos. Portanto, \u00e9 importante que a Fazenda ajude o BC a reduzir as press\u00f5es sobre o custo de vida\u201d, diz um t\u00e9cnico da autoridade monet\u00e1ria. Ele reconhece que, at\u00e9 agora, mesmo com todos os recuos de Meirelles, a confian\u00e7a no governo est\u00e1 se fortalecendo e as previs\u00f5es para a infla\u00e7\u00e3o caindo semanalmente. \u201cN\u00e3o h\u00e1 por que acreditar que teremos problemas com o ajuste fiscal. O compromisso demonstrado pelo ministro \u00e9 de que a arruma\u00e7\u00e3o das contas p\u00fablicas \u00e9 prioridade m\u00e1xima. Percal\u00e7os s\u00e3o comuns no meio do caminho, principalmente numa trajet\u00f3ria t\u00e3o tortuosa quando a que estamos vendo\u201d, acrescenta.<\/p>\n<p>&nbsp;<\/p>\n<p>Para os investidores, independentemente dos problemas que o governo venha a ter, os resultados ter\u00e3o que aparecer. At\u00e9 agora, dizem, tudo o que se est\u00e1 vendo em rela\u00e7\u00e3o ao ajuste fiscal prometido pela Uni\u00e3o \u00e9 promessa, e nos projetos que poderiam dar um alento, como o da renegocia\u00e7\u00e3o das d\u00edvidas dos estados, a emenda est\u00e1 saindo pior do que o soneto.<\/p>\n<p>&nbsp;<\/p>\n<p><i>Bras\u00edlia, 05h09min<\/i><\/p>\n","protected":false},"excerpt":{"rendered":"<p>Diz a sapi\u00eancia popular que, quando uma pessoa est\u00e1 tentando se justificar demais, \u00e9 porque fez algo muito errado ou est\u00e1 com a consci\u00eancia pesada. Pois esse ditado cabe perfeitamente ao ministro da Fazenda, Henrique Meirelles, que ocupou boa parte de sua agenda de ontem para dizer que n\u00e3o foi derrotado nem perdeu for\u00e7a diante [&hellip;]<\/p>\n","protected":false},"author":22,"featured_media":0,"comment_status":"open","ping_status":"closed","sticky":false,"template":"","format":"standard","meta":{"footnotes":""},"categories":[600],"tags":[13,911,856,927,21,107,124,123],"class_list":["post-2574","post","type-post","status-publish","format-standard","hentry","category-economia","tag-ajuste-fiscal","tag-concursos","tag-derrota","tag-divida-dos-estados","tag-henrique-meirelles","tag-ilan-goldfajn","tag-reajustes","tag-servidores"],"_links":{"self":[{"href":"https:\/\/blogs.correiobraziliense.com.br\/vicente\/wp-json\/wp\/v2\/posts\/2574","targetHints":{"allow":["GET"]}}],"collection":[{"href":"https:\/\/blogs.correiobraziliense.com.br\/vicente\/wp-json\/wp\/v2\/posts"}],"about":[{"href":"https:\/\/blogs.correiobraziliense.com.br\/vicente\/wp-json\/wp\/v2\/types\/post"}],"author":[{"embeddable":true,"href":"https:\/\/blogs.correiobraziliense.com.br\/vicente\/wp-json\/wp\/v2\/users\/22"}],"replies":[{"embeddable":true,"href":"https:\/\/blogs.correiobraziliense.com.br\/vicente\/wp-json\/wp\/v2\/comments?post=2574"}],"version-history":[{"count":2,"href":"https:\/\/blogs.correiobraziliense.com.br\/vicente\/wp-json\/wp\/v2\/posts\/2574\/revisions"}],"predecessor-version":[{"id":2576,"href":"https:\/\/blogs.correiobraziliense.com.br\/vicente\/wp-json\/wp\/v2\/posts\/2574\/revisions\/2576"}],"wp:attachment":[{"href":"https:\/\/blogs.correiobraziliense.com.br\/vicente\/wp-json\/wp\/v2\/media?parent=2574"}],"wp:term":[{"taxonomy":"category","embeddable":true,"href":"https:\/\/blogs.correiobraziliense.com.br\/vicente\/wp-json\/wp\/v2\/categories?post=2574"},{"taxonomy":"post_tag","embeddable":true,"href":"https:\/\/blogs.correiobraziliense.com.br\/vicente\/wp-json\/wp\/v2\/tags?post=2574"}],"curies":[{"name":"wp","href":"https:\/\/api.w.org\/{rel}","templated":true}]}}