{"id":2572,"date":"2016-08-10T20:10:48","date_gmt":"2016-08-10T23:10:48","guid":{"rendered":"https:\/\/blogs.correiobraziliense.com.br\/vicente\/?p=2572"},"modified":"2016-08-10T23:46:02","modified_gmt":"2016-08-11T02:46:02","slug":"presidente-da-anatel-renuncia-oab-diz-que-rezende-ja-vai-tarde","status":"publish","type":"post","link":"https:\/\/blogs.correiobraziliense.com.br\/vicente\/presidente-da-anatel-renuncia-oab-diz-que-rezende-ja-vai-tarde\/","title":{"rendered":"Presidente da Anatel renuncia. OAB diz que Rezende j\u00e1 vai tarde"},"content":{"rendered":"<p>O presidente interino da Ag\u00eancia Nacional de Telecomunica\u00e7\u00f5es, Jo\u00e3o Rezende, entregou carta de ren\u00fancia ao presidente interino, Michel Temer. Ele dever\u00e1 deixar o cargo at\u00e9 o fim de agosto. O mandato de Rezende na presid\u00eancia do \u00f3rg\u00e3o iria at\u00e9 dezembro e o de conselheiro, at\u00e9 2018.<\/p>\n<p>&nbsp;<\/p>\n<p>Segundo conselheiros da Anatel, Jo\u00e3o Rezende j\u00e1 vinha negociando, h\u00e1 algum tempo, a sua sa\u00edda da ag\u00eancia. Eles negam press\u00e3o por parte do Pal\u00e1cio do Planalto para a ren\u00fancia do comandante da ag\u00eancia. Nos bastidores, por\u00e9m, auxiliares do presidente interino, Michel Temer, dizem que o descontentamento com Rezende era grande. A imagem dele estava muito desgastada e j\u00e1 estava na hora de dar uma chacoalhada no \u00f3rg\u00e3o que regula e fiscaliza o setor de telecomunica\u00e7\u00f5es.<\/p>\n<p>&nbsp;<\/p>\n<p>Para o presidente nacional da Ordem dos Advogados do Brasil (OAB), Claudio Lamachia, Rezende estava mais preocupado em defender os interesses das empresas que a Anatel fiscaliza do que os dos consumidores, que o \u00f3rg\u00e3o deveria proteger.<\/p>\n<p>&nbsp;<\/p>\n<p>&#8220;Espero que o pr\u00f3ximo presidente da Anatel seja uma pessoa comprometida com os interesses dos cidad\u00e3os e n\u00e3o restrinja a atua\u00e7\u00e3o da ag\u00eancia reguladora \u00e0 defesa dos interesses das empresas. O amplo acesso \u00e0 internet \u00e9 hoje condi\u00e7\u00e3o fundamental para a efetiva\u00e7\u00e3o da liberdade de express\u00e3o e de informa\u00e7\u00e3o&#8221;, diz Lamachia.<\/p>\n<p>&nbsp;<\/p>\n<p>Na avalia\u00e7\u00e3o dele, a &#8220;Anatel tem atuado, nos \u00faltimos tempos, de forma contraria \u00e0s necessidades de uma sociedade moderna, tem atuado contra os consumidores. Por esse motivo, a OAB pediu o afastamento do presidente que agora renuncia ao comando da ag\u00eancia. Espero que isso mude. Do contr\u00e1rio, a OAB est\u00e1 pronta a defender, na Justi\u00e7a, os interesses da sociedade e da democracia&#8221;, frisa.<\/p>\n<p>&nbsp;<\/p>\n<p><em>Bras\u00edlia, 20h10min<\/em><\/p>\n","protected":false},"excerpt":{"rendered":"<p>O presidente interino da Ag\u00eancia Nacional de Telecomunica\u00e7\u00f5es, Jo\u00e3o Rezende, entregou carta de ren\u00fancia ao presidente interino, Michel Temer. Ele dever\u00e1 deixar o cargo at\u00e9 o fim de agosto. O mandato de Rezende na presid\u00eancia do \u00f3rg\u00e3o iria at\u00e9 dezembro e o de conselheiro, at\u00e9 2018. &nbsp; Segundo conselheiros da Anatel, Jo\u00e3o Rezende j\u00e1 vinha [&hellip;]<\/p>\n","protected":false},"author":22,"featured_media":0,"comment_status":"open","ping_status":"closed","sticky":false,"template":"","format":"standard","meta":{"footnotes":""},"categories":[600],"tags":[547,923,111,924,590],"class_list":["post-2572","post","type-post","status-publish","format-standard","hentry","category-economia","tag-anatel","tag-joao-rezende","tag-michel-temer","tag-oab","tag-renuncia"],"_links":{"self":[{"href":"https:\/\/blogs.correiobraziliense.com.br\/vicente\/wp-json\/wp\/v2\/posts\/2572","targetHints":{"allow":["GET"]}}],"collection":[{"href":"https:\/\/blogs.correiobraziliense.com.br\/vicente\/wp-json\/wp\/v2\/posts"}],"about":[{"href":"https:\/\/blogs.correiobraziliense.com.br\/vicente\/wp-json\/wp\/v2\/types\/post"}],"author":[{"embeddable":true,"href":"https:\/\/blogs.correiobraziliense.com.br\/vicente\/wp-json\/wp\/v2\/users\/22"}],"replies":[{"embeddable":true,"href":"https:\/\/blogs.correiobraziliense.com.br\/vicente\/wp-json\/wp\/v2\/comments?post=2572"}],"version-history":[{"count":1,"href":"https:\/\/blogs.correiobraziliense.com.br\/vicente\/wp-json\/wp\/v2\/posts\/2572\/revisions"}],"predecessor-version":[{"id":2573,"href":"https:\/\/blogs.correiobraziliense.com.br\/vicente\/wp-json\/wp\/v2\/posts\/2572\/revisions\/2573"}],"wp:attachment":[{"href":"https:\/\/blogs.correiobraziliense.com.br\/vicente\/wp-json\/wp\/v2\/media?parent=2572"}],"wp:term":[{"taxonomy":"category","embeddable":true,"href":"https:\/\/blogs.correiobraziliense.com.br\/vicente\/wp-json\/wp\/v2\/categories?post=2572"},{"taxonomy":"post_tag","embeddable":true,"href":"https:\/\/blogs.correiobraziliense.com.br\/vicente\/wp-json\/wp\/v2\/tags?post=2572"}],"curies":[{"name":"wp","href":"https:\/\/api.w.org\/{rel}","templated":true}]}}