{"id":2566,"date":"2016-08-10T18:08:27","date_gmt":"2016-08-10T21:08:27","guid":{"rendered":"https:\/\/blogs.correiobraziliense.com.br\/vicente\/?p=2566"},"modified":"2016-08-10T23:47:00","modified_gmt":"2016-08-11T02:47:00","slug":"bc-aumenta-intervencao-para-tentar-conter-derretimento-do-dolar","status":"publish","type":"post","link":"https:\/\/blogs.correiobraziliense.com.br\/vicente\/bc-aumenta-intervencao-para-tentar-conter-derretimento-do-dolar\/","title":{"rendered":"BC aumenta interven\u00e7\u00e3o para tentar conter derretimento do d\u00f3lar"},"content":{"rendered":"<p>ANTONIO TEM\u00d3TEO<\/p>\n<p>&nbsp;<\/p>\n<p>Diante do derretimento do d\u00f3lar, cujos pre\u00e7os caem h\u00e1 sete dias seguidos, o Banco Central decidiu ampliar a interven\u00e7\u00e3o no mercado de c\u00e2mbio. Agora, em vez de 10 mil contratos de swap reverso (esp\u00e9cie de compra da moeda norte-americana no mercado futuro), o BC atuar\u00e1 com 15 mil contratos. As opera\u00e7\u00f5es passar\u00e3o de US$ 500 milh\u00f5es para U$ 750 milh\u00f5es.<\/p>\n<p>&nbsp;<\/p>\n<p>O d\u00f3lar caminha rapidamente para os R$ 3, o que pode criar problemas para os exportadores, que veem perda de competitividade dos produtos brasileiros no mercado internacional. A moeda norte-americana encerrou os neg\u00f3cios de hoje cotada a R$ 3,132 para venda, com queda de 0,28%. A divisa est\u00e1 no menor n\u00edvel desde 13 de julho de 2015.<\/p>\n<p>&nbsp;<\/p>\n<p>Dentro do governo, os t\u00e9cnicos j\u00e1 veem o d\u00f3lar cotado abaixo de R$ 3 antes da efetiva\u00e7\u00e3o do impeachment definitivo de Dilma Rousseff, que deve ocorrer no fim deste m\u00eas. \u00c0 medida que a vit\u00f3ria do presidente interino vai se consolidando, os investidores estrangeiros tendem a despejar mais recursos no pa\u00eds.<\/p>\n<p>&nbsp;<\/p>\n<p>Al\u00e9m da efetiva\u00e7\u00e3o de Temer no poder, os estrangeiros est\u00e3o dispostos a tirar proveito das elevadas taxas de juros. A Selic, usada como refer\u00eancia pelo mercado, est\u00e1 em 14,25% ao ano. N\u00e3o h\u00e1, no mundo, nada parecido. Na maioria dos pa\u00edses desenvolvidos, as taxas est\u00e3o negativas.<\/p>\n<p>&nbsp;<\/p>\n<p>Assim, uma das formas de o BC tentar conter a valoriza\u00e7\u00e3o do real ante o d\u00f3lar seria reduzir os juros. Mas os especialistas acreditam que isso s\u00f3 ocorrer\u00e1 a partir de outubro, quando a autoridade monet\u00e1ria ter\u00e1 mais certeza do controle da infla\u00e7\u00e3o.<\/p>\n<p>&nbsp;<\/p>\n<p><em>Bras\u00edlia, 18h08min<\/em><\/p>\n","protected":false},"excerpt":{"rendered":"<p>ANTONIO TEM\u00d3TEO &nbsp; Diante do derretimento do d\u00f3lar, cujos pre\u00e7os caem h\u00e1 sete dias seguidos, o Banco Central decidiu ampliar a interven\u00e7\u00e3o no mercado de c\u00e2mbio. Agora, em vez de 10 mil contratos de swap reverso (esp\u00e9cie de compra da moeda norte-americana no mercado futuro), o BC atuar\u00e1 com 15 mil contratos. As opera\u00e7\u00f5es passar\u00e3o [&hellip;]<\/p>\n","protected":false},"author":22,"featured_media":0,"comment_status":"open","ping_status":"closed","sticky":false,"template":"","format":"standard","meta":{"footnotes":""},"categories":[600],"tags":[3,849,343,710,639],"class_list":["post-2566","post","type-post","status-publish","format-standard","hentry","category-economia","tag-banco-central","tag-cambio","tag-dolar","tag-intervencao","tag-swap-reverso"],"_links":{"self":[{"href":"https:\/\/blogs.correiobraziliense.com.br\/vicente\/wp-json\/wp\/v2\/posts\/2566","targetHints":{"allow":["GET"]}}],"collection":[{"href":"https:\/\/blogs.correiobraziliense.com.br\/vicente\/wp-json\/wp\/v2\/posts"}],"about":[{"href":"https:\/\/blogs.correiobraziliense.com.br\/vicente\/wp-json\/wp\/v2\/types\/post"}],"author":[{"embeddable":true,"href":"https:\/\/blogs.correiobraziliense.com.br\/vicente\/wp-json\/wp\/v2\/users\/22"}],"replies":[{"embeddable":true,"href":"https:\/\/blogs.correiobraziliense.com.br\/vicente\/wp-json\/wp\/v2\/comments?post=2566"}],"version-history":[{"count":5,"href":"https:\/\/blogs.correiobraziliense.com.br\/vicente\/wp-json\/wp\/v2\/posts\/2566\/revisions"}],"predecessor-version":[{"id":2571,"href":"https:\/\/blogs.correiobraziliense.com.br\/vicente\/wp-json\/wp\/v2\/posts\/2566\/revisions\/2571"}],"wp:attachment":[{"href":"https:\/\/blogs.correiobraziliense.com.br\/vicente\/wp-json\/wp\/v2\/media?parent=2566"}],"wp:term":[{"taxonomy":"category","embeddable":true,"href":"https:\/\/blogs.correiobraziliense.com.br\/vicente\/wp-json\/wp\/v2\/categories?post=2566"},{"taxonomy":"post_tag","embeddable":true,"href":"https:\/\/blogs.correiobraziliense.com.br\/vicente\/wp-json\/wp\/v2\/tags?post=2566"}],"curies":[{"name":"wp","href":"https:\/\/api.w.org\/{rel}","templated":true}]}}