{"id":2564,"date":"2016-08-10T13:08:59","date_gmt":"2016-08-10T16:08:59","guid":{"rendered":"https:\/\/blogs.correiobraziliense.com.br\/vicente\/?p=2564"},"modified":"2016-08-10T23:48:13","modified_gmt":"2016-08-11T02:48:13","slug":"leite-puxa-inflacao-de-brasilia-ainda-assim-custo-de-vida-na-capital-tem-menor-alta-no-ano","status":"publish","type":"post","link":"https:\/\/blogs.correiobraziliense.com.br\/vicente\/leite-puxa-inflacao-de-brasilia-ainda-assim-custo-de-vida-na-capital-tem-menor-alta-no-ano\/","title":{"rendered":"Leite puxa a infla\u00e7\u00e3o de Bras\u00edlia. Ainda assim, custo de vida na capital tem a menor alta no ano"},"content":{"rendered":"<p>ANTONIO TEM\u00d3TEO<\/p>\n<p>&nbsp;<\/p>\n<p>O litro de leite foi o grande vil\u00e3o para o bolso dos consumidores brasilienses em julho, segundo o Instituto Brasileiro de Geografia e Estat\u00edstica (IBGE). No m\u00eas, o produto ficou 21,76% mais caro, assustando as fam\u00edlias. Com isso, a taxa de infla\u00e7\u00e3o na capital do pa\u00eds ficou em 0,53%, ligeiramente acima da meta nacional, de 0,52%.<\/p>\n<p>&nbsp;<\/p>\n<p>No acumulado do ano, por\u00e9m, Bras\u00edlia registra a menor infla\u00e7\u00e3o entre as 13 capitais pesquisadas pelo IBGE. Em 12 meses, tamb\u00e9m a carestia no Distrito Federal, de 7,71%, \u00e9 inferior \u00e0 m\u00e9dia de todo o pa\u00eds. A justificativa foi a forte queda dos pre\u00e7os da gasolina.<\/p>\n<p>&nbsp;<\/p>\n<p>Desde que o Minist\u00e9rio P\u00fablico do Distrito Federal e Territ\u00f3rios, a Pol\u00edcia Federal e o Conselho Administrativo de Defesa da Concorr\u00eancia (Cade) desbarataram o cartel dos combust\u00edveis na capital federal, os pre\u00e7os nas bombas s\u00f3 fazem cair. Desabaram de quase R$ 4 para at\u00e9 R$ 3,37.<\/p>\n<p>&nbsp;<\/p>\n<p><em>Bras\u00edlia, 13h08min<\/em><\/p>\n","protected":false},"excerpt":{"rendered":"<p>ANTONIO TEM\u00d3TEO &nbsp; O litro de leite foi o grande vil\u00e3o para o bolso dos consumidores brasilienses em julho, segundo o Instituto Brasileiro de Geografia e Estat\u00edstica (IBGE). No m\u00eas, o produto ficou 21,76% mais caro, assustando as fam\u00edlias. Com isso, a taxa de infla\u00e7\u00e3o na capital do pa\u00eds ficou em 0,53%, ligeiramente acima da [&hellip;]<\/p>\n","protected":false},"author":22,"featured_media":0,"comment_status":"open","ping_status":"closed","sticky":false,"template":"","format":"standard","meta":{"footnotes":""},"categories":[600],"tags":[926,391,14,925],"class_list":["post-2564","post","type-post","status-publish","format-standard","hentry","category-economia","tag-brasilia","tag-ibge","tag-inflacao","tag-leite"],"_links":{"self":[{"href":"https:\/\/blogs.correiobraziliense.com.br\/vicente\/wp-json\/wp\/v2\/posts\/2564","targetHints":{"allow":["GET"]}}],"collection":[{"href":"https:\/\/blogs.correiobraziliense.com.br\/vicente\/wp-json\/wp\/v2\/posts"}],"about":[{"href":"https:\/\/blogs.correiobraziliense.com.br\/vicente\/wp-json\/wp\/v2\/types\/post"}],"author":[{"embeddable":true,"href":"https:\/\/blogs.correiobraziliense.com.br\/vicente\/wp-json\/wp\/v2\/users\/22"}],"replies":[{"embeddable":true,"href":"https:\/\/blogs.correiobraziliense.com.br\/vicente\/wp-json\/wp\/v2\/comments?post=2564"}],"version-history":[{"count":1,"href":"https:\/\/blogs.correiobraziliense.com.br\/vicente\/wp-json\/wp\/v2\/posts\/2564\/revisions"}],"predecessor-version":[{"id":2565,"href":"https:\/\/blogs.correiobraziliense.com.br\/vicente\/wp-json\/wp\/v2\/posts\/2564\/revisions\/2565"}],"wp:attachment":[{"href":"https:\/\/blogs.correiobraziliense.com.br\/vicente\/wp-json\/wp\/v2\/media?parent=2564"}],"wp:term":[{"taxonomy":"category","embeddable":true,"href":"https:\/\/blogs.correiobraziliense.com.br\/vicente\/wp-json\/wp\/v2\/categories?post=2564"},{"taxonomy":"post_tag","embeddable":true,"href":"https:\/\/blogs.correiobraziliense.com.br\/vicente\/wp-json\/wp\/v2\/tags?post=2564"}],"curies":[{"name":"wp","href":"https:\/\/api.w.org\/{rel}","templated":true}]}}