{"id":256,"date":"2015-10-31T12:10:20","date_gmt":"2015-10-31T14:10:20","guid":{"rendered":"https:\/\/blogs.correiobraziliense.com.br\/vicente\/?p=256"},"modified":"2015-11-03T17:24:50","modified_gmt":"2015-11-03T19:24:50","slug":"no-vacuo-do-governo","status":"publish","type":"post","link":"https:\/\/blogs.correiobraziliense.com.br\/vicente\/no-vacuo-do-governo\/","title":{"rendered":"NO V\u00c1CUO DO GOVERNO"},"content":{"rendered":"<p>Os investidores est\u00e3o vendo o impeachment da presidente Dilma Rousseff como um fato cada vez mais distante. Mas isso n\u00e3o impediu o mercado financeiro de se apegar, com todas as for\u00e7as, ao programa de governo apresentado pelo PMDB, que critica o desequil\u00edbrio fiscal e a indexa\u00e7\u00e3o da economia \u2014 quase 60% do Or\u00e7amento da Uni\u00e3o s\u00e3o corrigidos pela infla\u00e7\u00e3o passada. As medidas propostas pelo partido do vice-presidente Michel Temer s\u00e3o forte contraponto \u00e0 ina\u00e7\u00e3o do Pal\u00e1cio do Planalto para tirar o pa\u00eds do atoleiro e vistas como uma \u00e2ncora em caso de os ventos voltarem a soprar contra a petista.<\/p>\n<p>Durante o per\u00edodo mais cr\u00edtico para Dilma, em que o mandato dela ficou realmente amea\u00e7ado, os investidores levantaram muitas d\u00favidas do que seria um governo de Temer, caso ele acabasse ocupando a Presid\u00eancia da Rep\u00fablica. O PMDB \u00e9 um partido de hist\u00f3rico ruim, com a imagem atrelada ao fisiologismo e \u00e0 corrup\u00e7\u00e3o. Mas, ao propor iniciativas como a reforma da Previd\u00eancia Social, fixando idade m\u00ednima para a aposentadoria, e mudan\u00e7as na explora\u00e7\u00e3o do petr\u00f3leo, a legenda acaba se aproximando do mercado.<\/p>\n<p>A vis\u00e3o dos investidores \u00e9 de que Dilma perdeu a capacidade de reconquistar a confian\u00e7a no pa\u00eds. Como poucos acreditam que ela ter\u00e1 o mandato interrompido, projetam n\u00fameros cada vez piores para a economia. O pessimismo \u00e9 tanto que nem a perspectiva de perman\u00eancia do ministro da Fazenda, Joaquim Levy, no governo at\u00e9 o fim de 2018 anima os especialistas a preverem uma rea\u00e7\u00e3o consistente da atividade nos pr\u00f3ximos anos. A raz\u00e3o \u00e9 simples: Dilma continua dando sinais de ambiguidade em rela\u00e7\u00e3o ao ajuste do governo. Ao mesmo tempo em que diz ser necess\u00e1rio arrumar as contas p\u00fablicas, prega, de forma veemente, o aumento de gastos.<\/p>\n<p>A presidente, por sinal, sentiu o baque do programa apresentado pelo partido de Temer. Mesmo n\u00e3o indo ao lan\u00e7amento da pedra fundamental de uma empresa no interior de Mato Grosso do Sul, por causa da sa\u00fade da m\u00e3e, a petista obrigou a ministra da Agricultura, K\u00e1tia Abreu, do PMDB, a ler seu discurso, no qual atacou a legenda do vice: \u201cN\u00e3o estamos prisioneiros da agenda de ajustes. Temos uma agenda consistente de est\u00edmulo ao desenvolvimento\u201d, disse Dilma.<\/p>\n<p>O discurso da presidente \u00e9 esvaziado pelos fatos. Nada do que o governo prop\u00f5e \u00e9 levado adiante, seja porque os projetos n\u00e3o s\u00e3o vi\u00e1veis, seja porque impera a incompet\u00eancia. O caso mais gritante \u00e9 o ajuste fiscal. A promessa de arrumar as finan\u00e7as do pa\u00eds se transformou em um contundente fracasso, que praticamente tirou do Banco Central a capacidade de controlar a infla\u00e7\u00e3o.<\/p>\n<p>N\u00e3o por acaso, o \u00cdndice de Pre\u00e7os ao Consumidor Amplo (IPCA), usado como refer\u00eancia para o sistema de metas de infla\u00e7\u00e3o, mostrar\u00e1 nova arrancada. Pelos c\u00e1lculos do economista-chefe do banco Santander, Maur\u00edcio Molan, o indicador, que ser\u00e1 divulgado na pr\u00f3xima sexta-feira, atingiu 0,78% em outubro ante 0,54% de setembro. No acumulado de 12 meses, a taxa cravou 9,89%. A acelera\u00e7\u00e3o do custo de vida foi puxada, sobretudo, pelos grupos alimenta\u00e7\u00e3o, bebidas e transportes.<\/p>\n<p>A carestia ser\u00e1 confirmada pelo IGP-DI. Molan projeta alta de 1,69% neste m\u00eas contra 1,42% de setembro. A disparada decorreu, principalmente, da valoriza\u00e7\u00e3o do d\u00f3lar e da alta da gasolina e do diesel. Segundo o economista, a infla\u00e7\u00e3o dos produtos agropecu\u00e1rios, que comp\u00f5em o \u00edndice, deve ter ficado acima dos 3%, com destaque para os reajustes dos pre\u00e7os do milho, da soja e dos su\u00ednos.<\/p>\n<p><strong>Decep\u00e7\u00e3o<\/strong><\/p>\n<p>Al\u00e9m da infla\u00e7\u00e3o apontando para cima, em meio \u00e0 ina\u00e7\u00e3o do governo, o Instituto Brasileiro de Geografia e Estat\u00edstica (IBGE) apontar\u00e1 nova queda da produ\u00e7\u00e3o industrial. O tombo, acredita Molan, ser\u00e1 de 1,7% em setembro em rela\u00e7\u00e3o a agosto, quando houve contra\u00e7\u00e3o de 1,2%. Na compara\u00e7\u00e3o com setembro do ano passado, a previs\u00e3o \u00e9 de retra\u00e7\u00e3o de 11,5%, que, se confirmada, ser\u00e1 o pior resultado desde abril de 2009.<\/p>\n<p>Na avalia\u00e7\u00e3o do economista do Santander, tudo piorou, o que explica as revis\u00f5es, para pior, da recess\u00e3o que tomou conta do pa\u00eds. Ele destaca o expressivo decl\u00ednio da produ\u00e7\u00e3o da ind\u00fastria automobil\u00edstica e de a\u00e7o em setembro, o menor fluxo de ve\u00edculos pesados nas estradas e a redu\u00e7\u00e3o do n\u00edvel de utiliza\u00e7\u00e3o da capacidade instalada. \u201cSe confirmadas as nossas proje\u00e7\u00f5es, a produ\u00e7\u00e3o da ind\u00fastria mostrar\u00e1 retra\u00e7\u00e3o de 3,2% no terceiro trimestre frente aos tr\u00eas meses anteriores, refor\u00e7ando a nossa expectativa de recuo de 1,1% do Produto Interno Bruto (PIB) no per\u00edodo\u201d, afirma.<\/p>\n<p>Para Molan, o setor manufatureiro continuar\u00e1 em rota de deteriora\u00e7\u00e3o nos pr\u00f3ximos meses, devido aos estoques ainda elevados em diversas cadeias produtivas e aos baix\u00edssimos n\u00edveis de confian\u00e7a do empresariado. Nesse per\u00edodo, era para a ind\u00fastria estar em franco processo de expans\u00e3o, por conta das encomendas de fim de ano do varejo. Enfim, o que era para ser motivo de comemora\u00e7\u00e3o virou decep\u00e7\u00e3o. E n\u00e3o ser\u00e1 diferente em 2016. Podem preparar os \u00e2nimos.<\/p>\n","protected":false},"excerpt":{"rendered":"<p>Os investidores est\u00e3o vendo o impeachment da presidente Dilma Rousseff como um fato cada vez mais distante. Mas isso n\u00e3o impediu o mercado financeiro de se apegar, com todas as for\u00e7as, ao programa de governo apresentado pelo PMDB, que critica o desequil\u00edbrio fiscal e a indexa\u00e7\u00e3o da economia \u2014 quase 60% do Or\u00e7amento da Uni\u00e3o [&hellip;]<\/p>\n","protected":false},"author":22,"featured_media":0,"comment_status":"closed","ping_status":"closed","sticky":false,"template":"","format":"standard","meta":{"footnotes":""},"categories":[1],"tags":[],"class_list":["post-256","post","type-post","status-publish","format-standard","hentry","category-sem-categoria"],"_links":{"self":[{"href":"https:\/\/blogs.correiobraziliense.com.br\/vicente\/wp-json\/wp\/v2\/posts\/256","targetHints":{"allow":["GET"]}}],"collection":[{"href":"https:\/\/blogs.correiobraziliense.com.br\/vicente\/wp-json\/wp\/v2\/posts"}],"about":[{"href":"https:\/\/blogs.correiobraziliense.com.br\/vicente\/wp-json\/wp\/v2\/types\/post"}],"author":[{"embeddable":true,"href":"https:\/\/blogs.correiobraziliense.com.br\/vicente\/wp-json\/wp\/v2\/users\/22"}],"replies":[{"embeddable":true,"href":"https:\/\/blogs.correiobraziliense.com.br\/vicente\/wp-json\/wp\/v2\/comments?post=256"}],"version-history":[{"count":1,"href":"https:\/\/blogs.correiobraziliense.com.br\/vicente\/wp-json\/wp\/v2\/posts\/256\/revisions"}],"predecessor-version":[{"id":257,"href":"https:\/\/blogs.correiobraziliense.com.br\/vicente\/wp-json\/wp\/v2\/posts\/256\/revisions\/257"}],"wp:attachment":[{"href":"https:\/\/blogs.correiobraziliense.com.br\/vicente\/wp-json\/wp\/v2\/media?parent=256"}],"wp:term":[{"taxonomy":"category","embeddable":true,"href":"https:\/\/blogs.correiobraziliense.com.br\/vicente\/wp-json\/wp\/v2\/categories?post=256"},{"taxonomy":"post_tag","embeddable":true,"href":"https:\/\/blogs.correiobraziliense.com.br\/vicente\/wp-json\/wp\/v2\/tags?post=256"}],"curies":[{"name":"wp","href":"https:\/\/api.w.org\/{rel}","templated":true}]}}