{"id":2559,"date":"2016-08-10T09:40:26","date_gmt":"2016-08-10T12:40:26","guid":{"rendered":"https:\/\/blogs.correiobraziliense.com.br\/vicente\/?p=2559"},"modified":"2016-08-10T23:49:57","modified_gmt":"2016-08-11T02:49:57","slug":"meirelles-tenta-minimizar-derrota-reajustes-e-concursos-estao-liberados-nos-estados","status":"publish","type":"post","link":"https:\/\/blogs.correiobraziliense.com.br\/vicente\/meirelles-tenta-minimizar-derrota-reajustes-e-concursos-estao-liberados-nos-estados\/","title":{"rendered":"Meirelles tenta minimizar derrota. Reajustes e concursos est\u00e3o liberados nos estados"},"content":{"rendered":"<p>A derrota do governo na C\u00e2mara dos Deputados, que liberou os estados para darem reajustes a servidores e fazerem concursos p\u00fablicos nos pr\u00f3ximos dois anos, bateu fundo no Minist\u00e9rio da Fazenda.<\/p>\n<p>&nbsp;<\/p>\n<p>At\u00e9 o \u00faltimo instante, o ministro Henrique Meirelles articulou para que fosse mantida no projeto de renegocia\u00e7ao das d\u00edvidas de estados a proibi\u00e7\u00e3o para aumentos de sal\u00e1rios e para a realiza\u00e7\u00e3o de sele\u00e7\u00f5es p\u00fablicas. Prevaleceu a press\u00e3o de corpora\u00e7\u00f5es, liderada pelo deputado Rog\u00e9rio Rosso (PSD-DF). O parlamentar, por sinal, ser\u00e1 uma pedra no sapato do presidente da C\u00e2mara, Rodrigo Maia, que sofre com a inexperi\u00eancia ao tocar projetos de interesse do governo.<\/p>\n<p>&nbsp;<\/p>\n<p>Em nota, Meirelles tentou minimizar a derrota. &#8221; Os deputados aprovaram o texto-base do projeto que define a renegocia\u00e7\u00e3o das d\u00edvidas dos estados com a Uni\u00e3o, com o estabelecimento de um teto para o crescimento das despesas estaduais&#8221;, disse. Segundo ele, &#8220;Esse \u00e9\u00a0o primeiro passo concreto do ajuste estrutural das despesas p\u00fablicas brasileiras em d\u00e9cadas\u201d.<\/p>\n<p>&nbsp;<\/p>\n<p>Meirelles destacou ainda que\u00a0\u00a0\u201cos governadores t\u00eam todos os instrumentos legais para garantir o teto das despesas dos Estados, condi\u00e7\u00e3o necess\u00e1ria para o enquadramento de cada Estado nos termos da renegocia\u00e7\u00e3o.&#8221;\u00a0Para o ministro, o pr\u00f3ximo projeto de ajuste a entrar em pauta na C\u00e2mara \u00e9 o que define teto para as despesas federais.<\/p>\n<p>&nbsp;<\/p>\n<p><i>Bras\u00edlia, 09h40min<\/i><\/p>\n","protected":false},"excerpt":{"rendered":"<p>A derrota do governo na C\u00e2mara dos Deputados, que liberou os estados para darem reajustes a servidores e fazerem concursos p\u00fablicos nos pr\u00f3ximos dois anos, bateu fundo no Minist\u00e9rio da Fazenda. &nbsp; At\u00e9 o \u00faltimo instante, o ministro Henrique Meirelles articulou para que fosse mantida no projeto de renegocia\u00e7ao das d\u00edvidas de estados a proibi\u00e7\u00e3o [&hellip;]<\/p>\n","protected":false},"author":22,"featured_media":0,"comment_status":"open","ping_status":"closed","sticky":false,"template":"","format":"standard","meta":{"footnotes":""},"categories":[600],"tags":[856,927,21,124,304,928,123],"class_list":["post-2559","post","type-post","status-publish","format-standard","hentry","category-economia","tag-derrota","tag-divida-dos-estados","tag-henrique-meirelles","tag-reajustes","tag-renegociacao","tag-rogerio-rosso","tag-servidores"],"_links":{"self":[{"href":"https:\/\/blogs.correiobraziliense.com.br\/vicente\/wp-json\/wp\/v2\/posts\/2559","targetHints":{"allow":["GET"]}}],"collection":[{"href":"https:\/\/blogs.correiobraziliense.com.br\/vicente\/wp-json\/wp\/v2\/posts"}],"about":[{"href":"https:\/\/blogs.correiobraziliense.com.br\/vicente\/wp-json\/wp\/v2\/types\/post"}],"author":[{"embeddable":true,"href":"https:\/\/blogs.correiobraziliense.com.br\/vicente\/wp-json\/wp\/v2\/users\/22"}],"replies":[{"embeddable":true,"href":"https:\/\/blogs.correiobraziliense.com.br\/vicente\/wp-json\/wp\/v2\/comments?post=2559"}],"version-history":[{"count":4,"href":"https:\/\/blogs.correiobraziliense.com.br\/vicente\/wp-json\/wp\/v2\/posts\/2559\/revisions"}],"predecessor-version":[{"id":2563,"href":"https:\/\/blogs.correiobraziliense.com.br\/vicente\/wp-json\/wp\/v2\/posts\/2559\/revisions\/2563"}],"wp:attachment":[{"href":"https:\/\/blogs.correiobraziliense.com.br\/vicente\/wp-json\/wp\/v2\/media?parent=2559"}],"wp:term":[{"taxonomy":"category","embeddable":true,"href":"https:\/\/blogs.correiobraziliense.com.br\/vicente\/wp-json\/wp\/v2\/categories?post=2559"},{"taxonomy":"post_tag","embeddable":true,"href":"https:\/\/blogs.correiobraziliense.com.br\/vicente\/wp-json\/wp\/v2\/tags?post=2559"}],"curies":[{"name":"wp","href":"https:\/\/api.w.org\/{rel}","templated":true}]}}