{"id":2548,"date":"2016-08-10T09:13:37","date_gmt":"2016-08-10T12:13:37","guid":{"rendered":"https:\/\/blogs.correiobraziliense.com.br\/vicente\/?p=2548"},"modified":"2016-08-10T23:52:45","modified_gmt":"2016-08-11T02:52:45","slug":"alimentos-nao-dao-tregua-e-inflacao-dispara-para-052-em-julho","status":"publish","type":"post","link":"https:\/\/blogs.correiobraziliense.com.br\/vicente\/alimentos-nao-dao-tregua-e-inflacao-dispara-para-052-em-julho\/","title":{"rendered":"Alimentos n\u00e3o d\u00e3o tr\u00e9gua e infla\u00e7\u00e3o dispara para 0,52% em julho"},"content":{"rendered":"<p>Os brasileiros n\u00e3o t\u00eam sossego quando o assunto \u00e9 infla\u00e7\u00e3o. O \u00cdndice Nacional de Pre\u00e7os ao Consumidor (IPCA) registrou alta de 0,52% em julho, disparando em rela\u00e7\u00e3o ao m\u00eas anterior, quando ficou em 0,35%. Os alimentos, com alta de 1,32%, foram os grandes vil\u00f5es, respondendo por mais da metade do indicador, 0,34 ponto percentual.<\/p>\n<p>&nbsp;<\/p>\n<p>No acumulado do ano, o IPCA aponta alta de 4,96%, j\u00e1 acima do centro da meta de 4,5% perseguida pelo Banco Central. Em 12 meses, o custo de vida subiu 8,74%. Segundo os especialista, o \u00edndice de julho ficou acima do esperado, devido, sobretudo, aos alimentos. A m\u00e9dia das proje\u00e7\u00f5es apontava para infla\u00e7\u00e3o de 0,45%.<\/p>\n<p>&nbsp;<\/p>\n<p>Boa parte dos especialistas e a equipe econ\u00f4mica acreditam que, a partir de agora, os pre\u00e7os dos alimentos tendem a dar um refresco para os consumidores. Mas, na vis\u00e3o de Carlos Thadeu Filho, s\u00f3cio da consultoria MacroAgro, ainda \u00e9 cedo para se falar em al\u00edvio. Ele, particularmente, acredita que os reajustes de alimentos tendem a manter press\u00e3o sobre a infla\u00e7\u00e3o.<\/p>\n<p>&nbsp;<\/p>\n<p>Thadeu diz que a infla\u00e7\u00e3o de 2017, para a qual o Banco Central est\u00e1 olhando, n\u00e3o convergir\u00e1 t\u00e3o facilmente para o centro da meta, como prev\u00ea a autoridade monet\u00e1ria. Pelos c\u00e1lculos dele, o IPCA do ano que vem ficar\u00e1 entre 5,8% e 6%. Isso, por\u00e9m, n\u00e3o impedir\u00e1 o BC de cortar juros. Mas o movimento de redu\u00e7\u00e3o da taxa b\u00e1sica (Selic), que est\u00e1 em 14,25% ao ano, ser\u00e1 mais lento que o desejado.<\/p>\n<p>&nbsp;<\/p>\n<p><b>Lideran\u00e7a<\/b><\/p>\n<p>&nbsp;<\/p>\n<p>Segundo o Instituto Brasileiro de Geografia e Estat\u00edstica (IBGE), o grupo alimenta\u00e7\u00e3o e bebidas registrou o maior reajuste para meses de julho desde 2000, quando a alta foi de 1,78%. Na regi\u00e3o metropolitana de Vit\u00f3ria, os pre\u00e7os subiriam 2,06%; em Goi\u00e2nia, 1,85%; e, em Belo Horizonte, 1,61%.<\/p>\n<p>&nbsp;<\/p>\n<p>Entre as\u00a0principais contribui\u00e7\u00f5es individuais para o grupo alimentos est\u00e3o o leite, com 0,19 ponto percentual, ao subir, em m\u00e9dia, 17,58%, e o\u00a0feij\u00e3o-carioca, com 0,13 ponto, ao ficar 32,42% mais caro.<\/p>\n<p>&nbsp;<\/p>\n<p><i>Bras\u00edlia, 09h13min<\/i><\/p>\n","protected":false},"excerpt":{"rendered":"<p>Os brasileiros n\u00e3o t\u00eam sossego quando o assunto \u00e9 infla\u00e7\u00e3o. O \u00cdndice Nacional de Pre\u00e7os ao Consumidor (IPCA) registrou alta de 0,52% em julho, disparando em rela\u00e7\u00e3o ao m\u00eas anterior, quando ficou em 0,35%. Os alimentos, com alta de 1,32%, foram os grandes vil\u00f5es, respondendo por mais da metade do indicador, 0,34 ponto percentual. &nbsp; [&hellip;]<\/p>\n","protected":false},"author":22,"featured_media":0,"comment_status":"open","ping_status":"closed","sticky":false,"template":"","format":"standard","meta":{"footnotes":""},"categories":[600],"tags":[210,608,391,14,4,609],"class_list":["post-2548","post","type-post","status-publish","format-standard","hentry","category-economia","tag-alimentos","tag-carlos-thadeu-filho","tag-ibge","tag-inflacao","tag-juros","tag-macroagro"],"_links":{"self":[{"href":"https:\/\/blogs.correiobraziliense.com.br\/vicente\/wp-json\/wp\/v2\/posts\/2548","targetHints":{"allow":["GET"]}}],"collection":[{"href":"https:\/\/blogs.correiobraziliense.com.br\/vicente\/wp-json\/wp\/v2\/posts"}],"about":[{"href":"https:\/\/blogs.correiobraziliense.com.br\/vicente\/wp-json\/wp\/v2\/types\/post"}],"author":[{"embeddable":true,"href":"https:\/\/blogs.correiobraziliense.com.br\/vicente\/wp-json\/wp\/v2\/users\/22"}],"replies":[{"embeddable":true,"href":"https:\/\/blogs.correiobraziliense.com.br\/vicente\/wp-json\/wp\/v2\/comments?post=2548"}],"version-history":[{"count":10,"href":"https:\/\/blogs.correiobraziliense.com.br\/vicente\/wp-json\/wp\/v2\/posts\/2548\/revisions"}],"predecessor-version":[{"id":2558,"href":"https:\/\/blogs.correiobraziliense.com.br\/vicente\/wp-json\/wp\/v2\/posts\/2548\/revisions\/2558"}],"wp:attachment":[{"href":"https:\/\/blogs.correiobraziliense.com.br\/vicente\/wp-json\/wp\/v2\/media?parent=2548"}],"wp:term":[{"taxonomy":"category","embeddable":true,"href":"https:\/\/blogs.correiobraziliense.com.br\/vicente\/wp-json\/wp\/v2\/categories?post=2548"},{"taxonomy":"post_tag","embeddable":true,"href":"https:\/\/blogs.correiobraziliense.com.br\/vicente\/wp-json\/wp\/v2\/tags?post=2548"}],"curies":[{"name":"wp","href":"https:\/\/api.w.org\/{rel}","templated":true}]}}