{"id":2544,"date":"2016-08-09T13:10:03","date_gmt":"2016-08-09T16:10:03","guid":{"rendered":"https:\/\/blogs.correiobraziliense.com.br\/vicente\/?p=2544"},"modified":"2016-08-09T18:17:10","modified_gmt":"2016-08-09T21:17:10","slug":"aneel-quer-que-reajuste-medio-na-conta-de-luz-no-distrito-federal-seja-de-037","status":"publish","type":"post","link":"https:\/\/blogs.correiobraziliense.com.br\/vicente\/aneel-quer-que-reajuste-medio-na-conta-de-luz-no-distrito-federal-seja-de-037\/","title":{"rendered":"Aneel quer que reajuste m\u00e9dio na conta de luz no Distrito Federal seja de 0,37%,"},"content":{"rendered":"<p>Depois de dois anos de fortes reajustes na conta de luz, os brasilienses ter\u00e3o um al\u00edvio no bolso, no que depender da Ag\u00eancia Nacional de Energia El\u00e9trica (Aneel).<\/p>\n<p>&nbsp;<\/p>\n<p>O \u00f3rg\u00e3o que regula e fiscaliza o setor el\u00e9trico prop\u00f4s que o aumento m\u00e9dio nas tarifas cobradas de clientes abastecidos pela Companhia de Eletricidade de Bras\u00edlia (CEB) seja de 0,37% a partir de 22 de outubro . A empresa atende quase 1 milh\u00e3o de unidades residenciais e comerciais.<\/p>\n<p>&nbsp;<\/p>\n<p>No caso dos consumidores conectados \u00e0 alta tens\u00e3o, a proposta \u00e9 de reajuste de 3,83%. Pra aqueles que est\u00e3o interligados \u00e0 rede de baixa tens\u00e3o, haver\u00e1 queda de 1,39%. Esse s\u00edndices ficar\u00e3o em audi\u00eancia p\u00fablica entre 10 de agostos e 12 de setembro.<\/p>\n<p>&nbsp;<\/p>\n<p><em>Bras\u00edlia, 13h10min<\/em><\/p>\n","protected":false},"excerpt":{"rendered":"<p>Depois de dois anos de fortes reajustes na conta de luz, os brasilienses ter\u00e3o um al\u00edvio no bolso, no que depender da Ag\u00eancia Nacional de Energia El\u00e9trica (Aneel). &nbsp; O \u00f3rg\u00e3o que regula e fiscaliza o setor el\u00e9trico prop\u00f4s que o aumento m\u00e9dio nas tarifas cobradas de clientes abastecidos pela Companhia de Eletricidade de Bras\u00edlia [&hellip;]<\/p>\n","protected":false},"author":22,"featured_media":0,"comment_status":"open","ping_status":"closed","sticky":false,"template":"","format":"standard","meta":{"footnotes":""},"categories":[600],"tags":[328,922,921,920,264],"class_list":["post-2544","post","type-post","status-publish","format-standard","hentry","category-economia","tag-328","tag-brasiliense","tag-ceb","tag-conta-de-luz","tag-reajuste"],"_links":{"self":[{"href":"https:\/\/blogs.correiobraziliense.com.br\/vicente\/wp-json\/wp\/v2\/posts\/2544","targetHints":{"allow":["GET"]}}],"collection":[{"href":"https:\/\/blogs.correiobraziliense.com.br\/vicente\/wp-json\/wp\/v2\/posts"}],"about":[{"href":"https:\/\/blogs.correiobraziliense.com.br\/vicente\/wp-json\/wp\/v2\/types\/post"}],"author":[{"embeddable":true,"href":"https:\/\/blogs.correiobraziliense.com.br\/vicente\/wp-json\/wp\/v2\/users\/22"}],"replies":[{"embeddable":true,"href":"https:\/\/blogs.correiobraziliense.com.br\/vicente\/wp-json\/wp\/v2\/comments?post=2544"}],"version-history":[{"count":1,"href":"https:\/\/blogs.correiobraziliense.com.br\/vicente\/wp-json\/wp\/v2\/posts\/2544\/revisions"}],"predecessor-version":[{"id":2545,"href":"https:\/\/blogs.correiobraziliense.com.br\/vicente\/wp-json\/wp\/v2\/posts\/2544\/revisions\/2545"}],"wp:attachment":[{"href":"https:\/\/blogs.correiobraziliense.com.br\/vicente\/wp-json\/wp\/v2\/media?parent=2544"}],"wp:term":[{"taxonomy":"category","embeddable":true,"href":"https:\/\/blogs.correiobraziliense.com.br\/vicente\/wp-json\/wp\/v2\/categories?post=2544"},{"taxonomy":"post_tag","embeddable":true,"href":"https:\/\/blogs.correiobraziliense.com.br\/vicente\/wp-json\/wp\/v2\/tags?post=2544"}],"curies":[{"name":"wp","href":"https:\/\/api.w.org\/{rel}","templated":true}]}}