{"id":2531,"date":"2016-08-08T19:37:48","date_gmt":"2016-08-08T22:37:48","guid":{"rendered":"https:\/\/blogs.correiobraziliense.com.br\/vicente\/?p=2531"},"modified":"2016-08-09T00:04:30","modified_gmt":"2016-08-09T03:04:30","slug":"ministro-de-temer-ja-mostra-insatisfacao-com-ritmo-do-governo-para-fazer-reformas","status":"publish","type":"post","link":"https:\/\/blogs.correiobraziliense.com.br\/vicente\/ministro-de-temer-ja-mostra-insatisfacao-com-ritmo-do-governo-para-fazer-reformas\/","title":{"rendered":"Ministro de Temer j\u00e1 mostra insatisfa\u00e7\u00e3o com ritmo do governo para fazer reformas"},"content":{"rendered":"<p>POR ANTONIO TEM\u00d3TEO<\/p>\n<p>&nbsp;<\/p>\n<p>Nao \u00e9 apenas no mercado financeiro que se observa inatisfa\u00e7\u00e3o com o ritmo lento do governo de Michel Temer para fazer o ajuste fiscal e encaminhar reformas estruturais. Dentro da pr\u00f3pria equipe do presidente interino as queixas j\u00e1 come\u00e7am a se tornar p\u00fablicas. Em um semin\u00e1rio em S\u00e3o Paulo, promovido pela Associa\u00e7\u00e3o Comercial, o ministro da Ind\u00fastria, Com\u00e9rcio Exterior e Servi\u00e7os, Marcos Pereira, do PRB, disse que deixar\u00e1 o governo se nenhum dos projetos de reforma avan\u00e7ar at\u00e9 novembro pr\u00f3ximo.<\/p>\n<p>&nbsp;<\/p>\n<p>&#8220;J\u00e1 disse para meus colegas no governo, j\u00e1 disse para o presidente e j\u00e1 disse para empres\u00e1rios que, se nada avan\u00e7ar, e se eu perceber que nada avan\u00e7ar\u00e1, n\u00e3o tenho inten\u00e7\u00e3o nem disposi\u00e7\u00e3o para continuar no governo&#8221;, afirmou Pereira. Segundo ele, quando foi convidado para o minist\u00e9rio, aceitou porque havia uma miss\u00e3o. &#8220;Mas, se eu perceber que nada vai avan\u00e7ar, volto para meu escrit\u00f3rio de advocacia, que est\u00e1 me esperando de portas abertas&#8221;, acrescentou.<\/p>\n<p>&nbsp;<\/p>\n<p>O ministro admitiu que a agenda do governo est\u00e1 travada neste momento por causa da vota\u00e7\u00e3o do impeachment definitivo de Dilma Rousseff, marcado para o fim deste m\u00eas, e tende a ficar empacada devido \u00e0s elei\u00e7\u00f5es municipais de outubro. &#8220;Isso contamina o debate, sobretudo porque muitos dizem se tratar de\u00a0temas impopulares, que eu n\u00e3o considero impopulares&#8221;, afirmou. Mas, passado esse per\u00edodo, Temer tem que encaminhar propostas ao Congresso at\u00e9 o fim de novembro para que sejam aprovadas no primeiro semestre de 2017. &#8220;Se nada for aprovado nesse per\u00edodo, n\u00e3o se aprovar\u00e1 nada neste governo&#8221;, frisou. Ele defende as reformas trabalhista e da Previd\u00eancia.<\/p>\n<p>&nbsp;<\/p>\n<p><i>Bras\u00edlia, 19h37min<\/i><\/p>\n","protected":false},"excerpt":{"rendered":"<p>POR ANTONIO TEM\u00d3TEO &nbsp; Nao \u00e9 apenas no mercado financeiro que se observa inatisfa\u00e7\u00e3o com o ritmo lento do governo de Michel Temer para fazer o ajuste fiscal e encaminhar reformas estruturais. Dentro da pr\u00f3pria equipe do presidente interino as queixas j\u00e1 come\u00e7am a se tornar p\u00fablicas. Em um semin\u00e1rio em S\u00e3o Paulo, promovido pela [&hellip;]<\/p>\n","protected":false},"author":22,"featured_media":0,"comment_status":"open","ping_status":"closed","sticky":false,"template":"","format":"standard","meta":{"footnotes":""},"categories":[600],"tags":[916,68,915,913,111,914,917],"class_list":["post-2531","post","type-post","status-publish","format-standard","hentry","category-economia","tag-comercio-exterior","tag-fracasso","tag-industria","tag-marcos-pereira","tag-michel-temer","tag-ministro","tag-prb"],"_links":{"self":[{"href":"https:\/\/blogs.correiobraziliense.com.br\/vicente\/wp-json\/wp\/v2\/posts\/2531","targetHints":{"allow":["GET"]}}],"collection":[{"href":"https:\/\/blogs.correiobraziliense.com.br\/vicente\/wp-json\/wp\/v2\/posts"}],"about":[{"href":"https:\/\/blogs.correiobraziliense.com.br\/vicente\/wp-json\/wp\/v2\/types\/post"}],"author":[{"embeddable":true,"href":"https:\/\/blogs.correiobraziliense.com.br\/vicente\/wp-json\/wp\/v2\/users\/22"}],"replies":[{"embeddable":true,"href":"https:\/\/blogs.correiobraziliense.com.br\/vicente\/wp-json\/wp\/v2\/comments?post=2531"}],"version-history":[{"count":3,"href":"https:\/\/blogs.correiobraziliense.com.br\/vicente\/wp-json\/wp\/v2\/posts\/2531\/revisions"}],"predecessor-version":[{"id":2537,"href":"https:\/\/blogs.correiobraziliense.com.br\/vicente\/wp-json\/wp\/v2\/posts\/2531\/revisions\/2537"}],"wp:attachment":[{"href":"https:\/\/blogs.correiobraziliense.com.br\/vicente\/wp-json\/wp\/v2\/media?parent=2531"}],"wp:term":[{"taxonomy":"category","embeddable":true,"href":"https:\/\/blogs.correiobraziliense.com.br\/vicente\/wp-json\/wp\/v2\/categories?post=2531"},{"taxonomy":"post_tag","embeddable":true,"href":"https:\/\/blogs.correiobraziliense.com.br\/vicente\/wp-json\/wp\/v2\/tags?post=2531"}],"curies":[{"name":"wp","href":"https:\/\/api.w.org\/{rel}","templated":true}]}}