{"id":2526,"date":"2016-08-08T19:19:16","date_gmt":"2016-08-08T22:19:16","guid":{"rendered":"https:\/\/blogs.correiobraziliense.com.br\/vicente\/?p=2526"},"modified":"2016-08-09T00:03:17","modified_gmt":"2016-08-09T03:03:17","slug":"alckmin-e-taques-sao-os-candidatos-do-agronegocio-para-eleicoes-presidenciais-de-2018","status":"publish","type":"post","link":"https:\/\/blogs.correiobraziliense.com.br\/vicente\/alckmin-e-taques-sao-os-candidatos-do-agronegocio-para-eleicoes-presidenciais-de-2018\/","title":{"rendered":"Alckmin e Taques s\u00e3o os candidatos do agroneg\u00f3cio para elei\u00e7\u00f5es presidenciais de 2018"},"content":{"rendered":"<p>POR ANTONIO TEM\u00d3TEO<\/p>\n<p>&nbsp;<\/p>\n<p>As principais lideran\u00e7as do agroneg\u00f3cio j\u00e1 escolheram seus candidatos para as elei\u00e7\u00f5es presidenciais de 2018. O governador de S\u00e3o Paulo, Geraldo\u00a0Alckmin (PSDB), e o governador do Mato Grosso, Pedro Taques (PSDB), s\u00e3o os favoritos de\u00a0produtores rurais, industriais e executivos das principais empresas de defensivos agr\u00edcolas e de sementes para concorrer ao Pal\u00e1cio do Planalto.<\/p>\n<p>&nbsp;<\/p>\n<p>Taques recebeu o\u00a0Pr\u00eamio Ney Bittencourt de Ara\u00fajo da Associa\u00e7\u00e3o Brasileira do Agroneg\u00f3cio (Abag) e foi ciceroneado \u00a0pelo presidente da entidade, Luiz Carlos Corr\u00eaa Carvalho, durante o\u00a0<span class=\"s1\">15<\/span>\u00ba Congresso Brasileiro do Agroneg\u00f3cio. Reservadamente, executivos do setor detalharam que o seu principal desafio \u00e9 se tornar conhecido nacionalmente. &#8220;Ele n\u00e3o est\u00e1 envolvido em esc\u00e2ndalos e faz um bom governo no Mato Grosso&#8221;, destacou um industrial.<\/p>\n<p>&nbsp;<\/p>\n<p>J\u00e1\u00a0Alckmin \u00e9 conhecido nacionalmente, mas o temor de lideran\u00e7as do setor \u00e9 de que ele tenha problemas com a Opera\u00e7\u00e3o Lava-Jato, assim como o ministro das Rela\u00e7\u00f5es Exteriores, Jos\u00e9 Serra. &#8220;O governador de S\u00e3o Paulo tem um \u00f3timo tr\u00e2nsito com o setor, mas sua candidatura pode ser comprometida se den\u00fancias de corrup\u00e7\u00e3o vierem \u00e0 tona&#8221;, alertou um executivo de uma empresa do setor.<\/p>\n<p>&nbsp;<\/p>\n<p>Bras\u00edlia, 19h19<\/p>\n","protected":false},"excerpt":{"rendered":"<p>POR ANTONIO TEM\u00d3TEO &nbsp; As principais lideran\u00e7as do agroneg\u00f3cio j\u00e1 escolheram seus candidatos para as elei\u00e7\u00f5es presidenciais de 2018. O governador de S\u00e3o Paulo, Geraldo\u00a0Alckmin (PSDB), e o governador do Mato Grosso, Pedro Taques (PSDB), s\u00e3o os favoritos de\u00a0produtores rurais, industriais e executivos das principais empresas de defensivos agr\u00edcolas e de sementes para concorrer ao [&hellip;]<\/p>\n","protected":false},"author":22,"featured_media":0,"comment_status":"open","ping_status":"closed","sticky":false,"template":"","format":"standard","meta":{"footnotes":""},"categories":[600],"tags":[],"class_list":["post-2526","post","type-post","status-publish","format-standard","hentry","category-economia"],"_links":{"self":[{"href":"https:\/\/blogs.correiobraziliense.com.br\/vicente\/wp-json\/wp\/v2\/posts\/2526","targetHints":{"allow":["GET"]}}],"collection":[{"href":"https:\/\/blogs.correiobraziliense.com.br\/vicente\/wp-json\/wp\/v2\/posts"}],"about":[{"href":"https:\/\/blogs.correiobraziliense.com.br\/vicente\/wp-json\/wp\/v2\/types\/post"}],"author":[{"embeddable":true,"href":"https:\/\/blogs.correiobraziliense.com.br\/vicente\/wp-json\/wp\/v2\/users\/22"}],"replies":[{"embeddable":true,"href":"https:\/\/blogs.correiobraziliense.com.br\/vicente\/wp-json\/wp\/v2\/comments?post=2526"}],"version-history":[{"count":3,"href":"https:\/\/blogs.correiobraziliense.com.br\/vicente\/wp-json\/wp\/v2\/posts\/2526\/revisions"}],"predecessor-version":[{"id":2535,"href":"https:\/\/blogs.correiobraziliense.com.br\/vicente\/wp-json\/wp\/v2\/posts\/2526\/revisions\/2535"}],"wp:attachment":[{"href":"https:\/\/blogs.correiobraziliense.com.br\/vicente\/wp-json\/wp\/v2\/media?parent=2526"}],"wp:term":[{"taxonomy":"category","embeddable":true,"href":"https:\/\/blogs.correiobraziliense.com.br\/vicente\/wp-json\/wp\/v2\/categories?post=2526"},{"taxonomy":"post_tag","embeddable":true,"href":"https:\/\/blogs.correiobraziliense.com.br\/vicente\/wp-json\/wp\/v2\/tags?post=2526"}],"curies":[{"name":"wp","href":"https:\/\/api.w.org\/{rel}","templated":true}]}}