{"id":2521,"date":"2016-08-08T15:30:15","date_gmt":"2016-08-08T18:30:15","guid":{"rendered":"https:\/\/blogs.correiobraziliense.com.br\/vicente\/?p=2521"},"modified":"2016-08-08T18:04:18","modified_gmt":"2016-08-08T21:04:18","slug":"caixa-libera-r-7-bi-para-reforma-e-construcao-juros-mais-baixos","status":"publish","type":"post","link":"https:\/\/blogs.correiobraziliense.com.br\/vicente\/caixa-libera-r-7-bi-para-reforma-e-construcao-juros-mais-baixos\/","title":{"rendered":"Caixa libera R$ 7 bi para reforma e constru\u00e7\u00e3o a juros mais baixos"},"content":{"rendered":"<p>Na tentativa de estimular a economia, o governo voltou a usar os bancos p\u00fablicos. Tanto que a Caixa Econ\u00f4mica Federal anunciou a libera\u00e7\u00e3o de R$ 7 bilh\u00f5es por meio do Construcard, linha de cr\u00e9dito para o financiamento de material de constru\u00e7\u00e3o. Esse dinheiro estar\u00e1 dispon\u00edvel at\u00e9 o fim de 2017.<\/p>\n<p>&nbsp;<\/p>\n<p>Nesta semana, os juros cobrados no Construcard ser\u00e3o menores que a m\u00e9dia para aqueles que s\u00e3o clientes da Caixa h\u00e1 mais de seis meses,. A taxa ser\u00e1 de 1,95% ao m\u00eas. &#8220;As condi\u00e7\u00f5es para a contrata\u00e7\u00e3o do financiamento continuam sendo uma das melhores do mercado, e o produto conta ainda com uma ampla rede de mais de 50 mil lojistas de material de constru\u00e7\u00e3o credenciados em todo o Brasil&#8221;, ressalta o vice-presidente do banco, Fabio Lenza.<\/p>\n<p>&nbsp;<\/p>\n<p>Segundo o presidente da Associa\u00e7\u00e3o Nacional dos Comerciantes de Material de Constru\u00e7\u00e3o (Anamaco),\u00a0Claudio Conz, &#8220;a Caixa e o Construcard t\u00eam sido estrat\u00e9gicos tanto no apoio aos consumidores que precisam do financiamento dos materiais, quanto para as lojas de material de constru\u00e7\u00e3o, por poderem ter acesso a um importante instrumento de melhoria das venda&#8221;.<\/p>\n<p>&nbsp;<\/p>\n<p>Durante um bom per\u00edodo, as libera\u00e7\u00f5es de financiamentos por meio do Construcard ficaram restritas, por causa do elevado n\u00edvel de calote.<\/p>\n<p>&nbsp;<\/p>\n<p><em>Bras\u00edlia, 15h30min<\/em><\/p>\n","protected":false},"excerpt":{"rendered":"<p>Na tentativa de estimular a economia, o governo voltou a usar os bancos p\u00fablicos. Tanto que a Caixa Econ\u00f4mica Federal anunciou a libera\u00e7\u00e3o de R$ 7 bilh\u00f5es por meio do Construcard, linha de cr\u00e9dito para o financiamento de material de constru\u00e7\u00e3o. Esse dinheiro estar\u00e1 dispon\u00edvel at\u00e9 o fim de 2017. &nbsp; Nesta semana, os juros [&hellip;]<\/p>\n","protected":false},"author":22,"featured_media":0,"comment_status":"open","ping_status":"closed","sticky":false,"template":"","format":"standard","meta":{"footnotes":""},"categories":[600],"tags":[110,903,905,906,904],"class_list":["post-2521","post","type-post","status-publish","format-standard","hentry","category-economia","tag-caixa","tag-construcard","tag-financiamento","tag-material-de-construcao","tag-r-7-bilhoes"],"_links":{"self":[{"href":"https:\/\/blogs.correiobraziliense.com.br\/vicente\/wp-json\/wp\/v2\/posts\/2521","targetHints":{"allow":["GET"]}}],"collection":[{"href":"https:\/\/blogs.correiobraziliense.com.br\/vicente\/wp-json\/wp\/v2\/posts"}],"about":[{"href":"https:\/\/blogs.correiobraziliense.com.br\/vicente\/wp-json\/wp\/v2\/types\/post"}],"author":[{"embeddable":true,"href":"https:\/\/blogs.correiobraziliense.com.br\/vicente\/wp-json\/wp\/v2\/users\/22"}],"replies":[{"embeddable":true,"href":"https:\/\/blogs.correiobraziliense.com.br\/vicente\/wp-json\/wp\/v2\/comments?post=2521"}],"version-history":[{"count":1,"href":"https:\/\/blogs.correiobraziliense.com.br\/vicente\/wp-json\/wp\/v2\/posts\/2521\/revisions"}],"predecessor-version":[{"id":2522,"href":"https:\/\/blogs.correiobraziliense.com.br\/vicente\/wp-json\/wp\/v2\/posts\/2521\/revisions\/2522"}],"wp:attachment":[{"href":"https:\/\/blogs.correiobraziliense.com.br\/vicente\/wp-json\/wp\/v2\/media?parent=2521"}],"wp:term":[{"taxonomy":"category","embeddable":true,"href":"https:\/\/blogs.correiobraziliense.com.br\/vicente\/wp-json\/wp\/v2\/categories?post=2521"},{"taxonomy":"post_tag","embeddable":true,"href":"https:\/\/blogs.correiobraziliense.com.br\/vicente\/wp-json\/wp\/v2\/tags?post=2521"}],"curies":[{"name":"wp","href":"https:\/\/api.w.org\/{rel}","templated":true}]}}