{"id":2517,"date":"2016-08-08T00:01:33","date_gmt":"2016-08-08T03:01:33","guid":{"rendered":"https:\/\/blogs.correiobraziliense.com.br\/vicente\/?p=2517"},"modified":"2016-08-08T10:40:47","modified_gmt":"2016-08-08T13:40:47","slug":"ajuste-fiscal-de-meirelles-esta-manco","status":"publish","type":"post","link":"https:\/\/blogs.correiobraziliense.com.br\/vicente\/ajuste-fiscal-de-meirelles-esta-manco\/","title":{"rendered":"Ajuste fiscal de Meirelles est\u00e1 manco"},"content":{"rendered":"<p>POR ROSANA HESSEL<\/p>\n<p>&nbsp;<\/p>\n<p>Sozinha, a Proposta de Emenda \u00e0 Constitui\u00e7\u00e3o (PEC) que limita o aumento dos gastos p\u00fablicos \u00e0 infla\u00e7\u00e3o do ano anterior n\u00e3o ser\u00e1 suficiente para reverter o descalabro das finan\u00e7as do pa\u00eds. Depois de analisarem, com lupa, o projeto encaminhado pelo governo ao Congresso, especialistas ressaltam que o ajuste fiscal ainda est\u00e1 manco. Para reverter todo o estrago que se viu nos \u00faltimos anos, ser\u00e1 preciso medidas duras nos pr\u00f3ximos meses e a\u00e7\u00f5es de mais longo prazo, como a reforma da Previd\u00eancia, que, neste ano, pode ter deficit superior a R$ 200 bilh\u00f5es se somados os rombos do Instituto Nacional do Seguro Social INSS) e dos sistemas de aposentadoria e pens\u00f5es de servidores e militares.<\/p>\n<p>&nbsp;<\/p>\n<p>O economista Felipe Salto \u00e9 taxativo. \u201cO governo est\u00e1 apostando todas as fichas na PEC do teto. Mas umas das primeiras li\u00e7\u00f5es da economia \u00e9 n\u00e3o colocar todos os ovos em uma \u00fanica cesta, o que \u00e9 muito arriscado. \u00c9 preciso ter uma agenda mais estruturada e mandar logo um conjunto de medidas de reformas para o Congresso Nacional trabalhar\u201d, diz ele, que \u00e9 coautor do livro <em>Finan\u00e7as p\u00fablicas: da contabilidade criativa ao resgate da credibilidade<\/em>. No entender dele, o governo deve agir r\u00e1pido t\u00e3o logo o Senado aprove o impeachment definitivo de Dilma Rousseff. \u201cN\u00e3o h\u00e1 tempo a perder\u201d, frisa.<\/p>\n<p>&nbsp;<\/p>\n<p>A ansiedade \u00e9 grande. E a complac\u00eancia do mercado com a equipe chefiada pelo ministro da Fazenda, Henrique Meirelles, est\u00e1 prestes a acabar se o governo n\u00e3o avan\u00e7ar os passos. Na verdade, o que mais se est\u00e1 vendo s\u00e3o recuos e sinais contradit\u00f3rios. No projeto que renegocia as d\u00edvidas de estados, resultando um al\u00edvio de R$ 50 bilh\u00f5es a essas unidades da Federa\u00e7\u00e3o, o presidente interino, Michel Temer, fez uma s\u00e9rie de concess\u00f5es que v\u00e3o resultar em aumentos das despesas com servidores, o que n\u00e3o \u00e9 recomend\u00e1vel num momento em que se promete um ajuste fiscal consistente.<\/p>\n<p>&nbsp;<\/p>\n<p>Doutora em economia e pesquisadora do Peterson Institute for International Economics (PIIE), em Washington, Monica de Bolle n\u00e3o esconde a apreens\u00e3o. \u201cDiante de tudo o que estamos vendo, a PEC dos gastos precisar\u00e1 ter muita subst\u00e2ncia para ser eficaz. De nada vai adiantar se o governo n\u00e3o conseguir encaminhar a reforma da Previd\u00eancia, mesmo que n\u00e3o seja a ideal. O fato \u00e9 que, neste ano, ningu\u00e9m vai querer mexer nesse vespeiro, j\u00e1 que, em outubro, haver\u00e1 elei\u00e7\u00f5es municipais\u201d, avisa. Na avalia\u00e7\u00e3o dela, o voto de confian\u00e7a ao governo estar\u00e1 com os dias contados ap\u00f3s a confirma\u00e7\u00e3o do impeachment de Dilma. \u201cAt\u00e9 l\u00e1, o governo Temer precisa explicar melhor em que consiste o ajuste fiscal\u201d, assinala.<\/p>\n<p>&nbsp;<\/p>\n<p>Para os especialistas, a PEC tem problemas, apesar de ser positiva ao, finalmente, propor um limite para o gasto p\u00fablico, algo fundamental para o equil\u00edbrio das contas p\u00fablicas, que foram desmanteladas nos \u00faltimos anos, devido \u00e0 contabilidade criativa de Dilma. Desde 2014, o setor p\u00fablico est\u00e1 operando no vermelho e o prazo para o conserto dos estragos ser\u00e1 longo. H\u00e1 quem acredite que, mesmo com a PEC, as despesas ter\u00e3o crescimento real at\u00e9 2020. Por isso, a cobran\u00e7a por medidas de curto prazo. Nos 12 meses terminados em junho, o governo registrou deficit de R$ 151,2 bilh\u00f5es, bem pr\u00f3ximo do rombo definido como limite para este ano, de R$ 170,5 bilh\u00f5es.<\/p>\n<p>&nbsp;<\/p>\n<p><em>Bras\u00edlia, 00h01min<\/em><\/p>\n","protected":false},"excerpt":{"rendered":"<p>POR ROSANA HESSEL &nbsp; Sozinha, a Proposta de Emenda \u00e0 Constitui\u00e7\u00e3o (PEC) que limita o aumento dos gastos p\u00fablicos \u00e0 infla\u00e7\u00e3o do ano anterior n\u00e3o ser\u00e1 suficiente para reverter o descalabro das finan\u00e7as do pa\u00eds. Depois de analisarem, com lupa, o projeto encaminhado pelo governo ao Congresso, especialistas ressaltam que o ajuste fiscal ainda est\u00e1 [&hellip;]<\/p>\n","protected":false},"author":22,"featured_media":0,"comment_status":"open","ping_status":"closed","sticky":false,"template":"","format":"standard","meta":{"footnotes":""},"categories":[600],"tags":[13,902,21,901,204],"class_list":["post-2517","post","type-post","status-publish","format-standard","hentry","category-economia","tag-ajuste-fiscal","tag-felipe-salto","tag-henrique-meirelles","tag-monica-de-bolle","tag-pec"],"_links":{"self":[{"href":"https:\/\/blogs.correiobraziliense.com.br\/vicente\/wp-json\/wp\/v2\/posts\/2517","targetHints":{"allow":["GET"]}}],"collection":[{"href":"https:\/\/blogs.correiobraziliense.com.br\/vicente\/wp-json\/wp\/v2\/posts"}],"about":[{"href":"https:\/\/blogs.correiobraziliense.com.br\/vicente\/wp-json\/wp\/v2\/types\/post"}],"author":[{"embeddable":true,"href":"https:\/\/blogs.correiobraziliense.com.br\/vicente\/wp-json\/wp\/v2\/users\/22"}],"replies":[{"embeddable":true,"href":"https:\/\/blogs.correiobraziliense.com.br\/vicente\/wp-json\/wp\/v2\/comments?post=2517"}],"version-history":[{"count":1,"href":"https:\/\/blogs.correiobraziliense.com.br\/vicente\/wp-json\/wp\/v2\/posts\/2517\/revisions"}],"predecessor-version":[{"id":2518,"href":"https:\/\/blogs.correiobraziliense.com.br\/vicente\/wp-json\/wp\/v2\/posts\/2517\/revisions\/2518"}],"wp:attachment":[{"href":"https:\/\/blogs.correiobraziliense.com.br\/vicente\/wp-json\/wp\/v2\/media?parent=2517"}],"wp:term":[{"taxonomy":"category","embeddable":true,"href":"https:\/\/blogs.correiobraziliense.com.br\/vicente\/wp-json\/wp\/v2\/categories?post=2517"},{"taxonomy":"post_tag","embeddable":true,"href":"https:\/\/blogs.correiobraziliense.com.br\/vicente\/wp-json\/wp\/v2\/tags?post=2517"}],"curies":[{"name":"wp","href":"https:\/\/api.w.org\/{rel}","templated":true}]}}