{"id":2497,"date":"2016-08-07T00:01:16","date_gmt":"2016-08-07T03:01:16","guid":{"rendered":"https:\/\/blogs.correiobraziliense.com.br\/vicente\/?p=2497"},"modified":"2016-08-07T00:16:06","modified_gmt":"2016-08-07T03:16:06","slug":"oito-em-cada-10-trabalhadores-serao-atingidos-pela-reforma-da-previdencia","status":"publish","type":"post","link":"https:\/\/blogs.correiobraziliense.com.br\/vicente\/oito-em-cada-10-trabalhadores-serao-atingidos-pela-reforma-da-previdencia\/","title":{"rendered":"Oito em cada 10 trabalhadores ser\u00e3o atingidos pela reforma da Previd\u00eancia"},"content":{"rendered":"<p>POR CELIA PERRONE<\/p>\n<p>&nbsp;<\/p>\n<p>Oito em cada 10 trabalhadores que hoje est\u00e3o na ativa ser\u00e3o atingidos imediatamente pela reforma da Previd\u00eancia Social que o governo est\u00e1 preparando e deve ser enviada ao Congresso em setembro, depois que o Senado aprovar o impeachment definitivo de Dilma Rousseff. Todos t\u00eam menos de 50 anos. O restante tamb\u00e9m ter\u00e1 que dar sua colabora\u00e7\u00e3o, mas por meio de uma regra de transi\u00e7\u00e3o que pode durar at\u00e9 15 anos. As mudan\u00e7as, assegura o Pal\u00e1cio do Planalto, ser\u00e3o inevit\u00e1veis, pois \u00e9 grande o risco de o Instituto Nacional do Seguro Social (INSS) e o regime que banca as aposentadorias de servidores e militares caminharem para a fal\u00eancia.<\/p>\n<p>&nbsp;<\/p>\n<p>Est\u00e1 praticamente decidido a institui\u00e7\u00e3o de uma idade m\u00ednima para que as pessoas se retirem do mercado de trabalho: 65 anos para homens e 62 ou 63 anos para as mulheres \u2014 ao longo do tempo, a idade ser\u00e1 uma s\u00f3. Os trabalhadores com mais de 50 anos ter\u00e3o que pagar um ped\u00e1gio de at\u00e9 50% do tempo que ainda t\u00eam para se aposentarem. Ou seja, se, quando a reforma for aprovada, a pessoa ainda tiver que contribuir por mais cinco anos ao INSS, esse prazo subir\u00e1 para 7,5 anos. O governo pretende ainda unificar as regras de todos os regimes previdenci\u00e1rios em vigor hoje. Isso inclui aqueles que trabalham na iniciativa privada, servidores e militares.<\/p>\n<p>&nbsp;<\/p>\n<p>O per\u00edodo para que ocorra a unifica\u00e7\u00e3o tamb\u00e9m dever\u00e1 ser de 15 anos. Nem mesmo professores e policiais, que hoje podem se aposentar depois de 25 anos de trabalho, escapar\u00e3o. \u201cA nossa meta \u00e9 acabar com privil\u00e9gios\u201d, diz um t\u00e9cnico do Minist\u00e9rio da Fazenda. Ele reconhece que n\u00e3o ser\u00e1 f\u00e1cil convencer o Congresso da import\u00e2ncia das medidas, mas cr\u00ea que o bom senso prevalecer\u00e1. Neste ano, juntos, o INSS e a previd\u00eancia de servidores e militares ter\u00e3o rombo pr\u00f3ximo de R$ 220 bilh\u00f5es. N\u00e3o h\u00e1, segundo ele, aumento de impostos que consiga cobrir esse buraco sem fundo.<\/p>\n<p>&nbsp;<\/p>\n<p>Nas ruas, a ansiedade \u00e9 grande. \u201cEstou preocupad\u00edssima\u201d, diz Maria Isabel da F\u00e9, 64 anos, que est\u00e1 prestes a se aposentar. Ex-aut\u00f4noma, ela recebia, at\u00e9 bem pouco tempo, aux\u00edlio-doen\u00e7a por causa de um c\u00e2ncer de mama e uma trombose. \u201cTrabalhei a vida inteira para pagar a Previd\u00eancia. Espero que, agora, n\u00e3o me deixem na m\u00e3o\u201d, diz. Ela acredita que o governo ter\u00e1 que dar explica\u00e7\u00f5es muito boas para justificar as mudan\u00e7as que est\u00e1 querendo fazer no INSS. \u201cA sensa\u00e7\u00e3o \u00e9 de que todos seremos prejudicados\u201d, emenda.<\/p>\n<p>&nbsp;<\/p>\n<p><i>Bras\u00edlia, 00h01min<\/i><\/p>\n","protected":false},"excerpt":{"rendered":"<p>POR CELIA PERRONE &nbsp; Oito em cada 10 trabalhadores que hoje est\u00e3o na ativa ser\u00e3o atingidos imediatamente pela reforma da Previd\u00eancia Social que o governo est\u00e1 preparando e deve ser enviada ao Congresso em setembro, depois que o Senado aprovar o impeachment definitivo de Dilma Rousseff. Todos t\u00eam menos de 50 anos. O restante tamb\u00e9m [&hellip;]<\/p>\n","protected":false},"author":22,"featured_media":0,"comment_status":"open","ping_status":"closed","sticky":false,"template":"","format":"standard","meta":{"footnotes":""},"categories":[600],"tags":[430,254,843,111,769,429,614,123],"class_list":["post-2497","post","type-post","status-publish","format-standard","hentry","category-economia","tag-aposentadoria","tag-congresso","tag-idade-minima","tag-michel-temer","tag-militares","tag-previdencia","tag-reforma","tag-servidores"],"_links":{"self":[{"href":"https:\/\/blogs.correiobraziliense.com.br\/vicente\/wp-json\/wp\/v2\/posts\/2497","targetHints":{"allow":["GET"]}}],"collection":[{"href":"https:\/\/blogs.correiobraziliense.com.br\/vicente\/wp-json\/wp\/v2\/posts"}],"about":[{"href":"https:\/\/blogs.correiobraziliense.com.br\/vicente\/wp-json\/wp\/v2\/types\/post"}],"author":[{"embeddable":true,"href":"https:\/\/blogs.correiobraziliense.com.br\/vicente\/wp-json\/wp\/v2\/users\/22"}],"replies":[{"embeddable":true,"href":"https:\/\/blogs.correiobraziliense.com.br\/vicente\/wp-json\/wp\/v2\/comments?post=2497"}],"version-history":[{"count":2,"href":"https:\/\/blogs.correiobraziliense.com.br\/vicente\/wp-json\/wp\/v2\/posts\/2497\/revisions"}],"predecessor-version":[{"id":2503,"href":"https:\/\/blogs.correiobraziliense.com.br\/vicente\/wp-json\/wp\/v2\/posts\/2497\/revisions\/2503"}],"wp:attachment":[{"href":"https:\/\/blogs.correiobraziliense.com.br\/vicente\/wp-json\/wp\/v2\/media?parent=2497"}],"wp:term":[{"taxonomy":"category","embeddable":true,"href":"https:\/\/blogs.correiobraziliense.com.br\/vicente\/wp-json\/wp\/v2\/categories?post=2497"},{"taxonomy":"post_tag","embeddable":true,"href":"https:\/\/blogs.correiobraziliense.com.br\/vicente\/wp-json\/wp\/v2\/tags?post=2497"}],"curies":[{"name":"wp","href":"https:\/\/api.w.org\/{rel}","templated":true}]}}