{"id":2483,"date":"2016-08-04T21:33:11","date_gmt":"2016-08-05T00:33:11","guid":{"rendered":"https:\/\/blogs.correiobraziliense.com.br\/vicente\/?p=2483"},"modified":"2016-08-05T21:50:03","modified_gmt":"2016-08-06T00:50:03","slug":"show-de-imagens-nas-olimpiadas","status":"publish","type":"post","link":"https:\/\/blogs.correiobraziliense.com.br\/vicente\/show-de-imagens-nas-olimpiadas\/","title":{"rendered":"Show de imagens nas Olimp\u00edadas"},"content":{"rendered":"<p>Cem c\u00e2meras projetar\u00e3o imagens na abertura das Olimp\u00edadas do Rio de Janeiro. Para isso, foram construidos 10 quil\u00f4metros (km) de fibras \u00f3ticas interligando o Maracan\u00e3. Respons\u00e1vel pelo projeto, a Engie Brasil v\u00ea os jogos como uma vitrine para crescer no pa\u00eds.<\/p>\n<p>&nbsp;<\/p>\n<p>A empresa tamb\u00e9m fornece energia para VLT, cujo contrato vigorar\u00e1 at\u00e9 2020, e \u00e9 respons\u00e1vel pelo sistema de monitoramento do Museu do Amanh\u00e3, que segundo o presidente da Engie, Maur\u00edcio B\u00e4hr, refor\u00e7ou a seguran\u00e7a do local e permitiu um melhor controle do fluxo de visitantes.<\/p>\n<p>&nbsp;<\/p>\n<p>Segundo o executivo, &#8220;o Rio \u00e9 uma das principais vitrines do mundo, ainda mais durante as Olimp\u00edadas, e todos esses projetos servem para chamar a aten\u00e7\u00e3o para a \u00e1rea de servi\u00e7os da empresa&#8221;. Ele acrescenta que a ideia \u00e9 expandir essa a\u00e7\u00f5es para outras cidades, uma delas, Bras\u00edlia. Na capital do pa\u00eds, a Engie est\u00e1 implantando um sistema de ilumina\u00e7\u00e3o p\u00fablica inteligente (300 mil postes).<\/p>\n<p>&nbsp;<\/p>\n<p>&nbsp;<\/p>\n","protected":false},"excerpt":{"rendered":"<p>Cem c\u00e2meras projetar\u00e3o imagens na abertura das Olimp\u00edadas do Rio de Janeiro. Para isso, foram construidos 10 quil\u00f4metros (km) de fibras \u00f3ticas interligando o Maracan\u00e3. Respons\u00e1vel pelo projeto, a Engie Brasil v\u00ea os jogos como uma vitrine para crescer no pa\u00eds. &nbsp; A empresa tamb\u00e9m fornece energia para VLT, cujo contrato vigorar\u00e1 at\u00e9 2020, e [&hellip;]<\/p>\n","protected":false},"author":22,"featured_media":0,"comment_status":"open","ping_status":"closed","sticky":false,"template":"","format":"standard","meta":{"footnotes":""},"categories":[600],"tags":[],"class_list":["post-2483","post","type-post","status-publish","format-standard","hentry","category-economia"],"_links":{"self":[{"href":"https:\/\/blogs.correiobraziliense.com.br\/vicente\/wp-json\/wp\/v2\/posts\/2483","targetHints":{"allow":["GET"]}}],"collection":[{"href":"https:\/\/blogs.correiobraziliense.com.br\/vicente\/wp-json\/wp\/v2\/posts"}],"about":[{"href":"https:\/\/blogs.correiobraziliense.com.br\/vicente\/wp-json\/wp\/v2\/types\/post"}],"author":[{"embeddable":true,"href":"https:\/\/blogs.correiobraziliense.com.br\/vicente\/wp-json\/wp\/v2\/users\/22"}],"replies":[{"embeddable":true,"href":"https:\/\/blogs.correiobraziliense.com.br\/vicente\/wp-json\/wp\/v2\/comments?post=2483"}],"version-history":[{"count":2,"href":"https:\/\/blogs.correiobraziliense.com.br\/vicente\/wp-json\/wp\/v2\/posts\/2483\/revisions"}],"predecessor-version":[{"id":2485,"href":"https:\/\/blogs.correiobraziliense.com.br\/vicente\/wp-json\/wp\/v2\/posts\/2483\/revisions\/2485"}],"wp:attachment":[{"href":"https:\/\/blogs.correiobraziliense.com.br\/vicente\/wp-json\/wp\/v2\/media?parent=2483"}],"wp:term":[{"taxonomy":"category","embeddable":true,"href":"https:\/\/blogs.correiobraziliense.com.br\/vicente\/wp-json\/wp\/v2\/categories?post=2483"},{"taxonomy":"post_tag","embeddable":true,"href":"https:\/\/blogs.correiobraziliense.com.br\/vicente\/wp-json\/wp\/v2\/tags?post=2483"}],"curies":[{"name":"wp","href":"https:\/\/api.w.org\/{rel}","templated":true}]}}