{"id":2477,"date":"2016-08-05T16:47:56","date_gmt":"2016-08-05T19:47:56","guid":{"rendered":"https:\/\/blogs.correiobraziliense.com.br\/vicente\/?p=2477"},"modified":"2016-08-05T18:53:55","modified_gmt":"2016-08-05T21:53:55","slug":"tesouro-diz-que-reforco-de-capital-da-caixa-vira-de-lucro-com-loterias","status":"publish","type":"post","link":"https:\/\/blogs.correiobraziliense.com.br\/vicente\/tesouro-diz-que-reforco-de-capital-da-caixa-vira-de-lucro-com-loterias\/","title":{"rendered":"Tesouro diz que refor\u00e7o de capital da Caixa vir\u00e1 de lucro com loterias"},"content":{"rendered":"<p>POR ROSANA HESSEL<\/p>\n<p>&nbsp;<\/p>\n<p>O Tesouro Nacional garante que n\u00e3o injetar\u00e1 capital pr\u00f3prio na Caixa Econ\u00f4mica Federal como forma de melhorar a sa\u00fade da institui\u00e7\u00e3o financeira. Segundo o \u00f3rg\u00e3o, &#8220;a integraliza\u00e7\u00e3o de capital na Caixa Econ\u00f4mica Federal de que trata o decreto 8.830\/2016 foi realizada mediante incorpora\u00e7\u00e3o do saldo de R$ 2,78 bilh\u00f5es da reserva de loterias (reserva de lucros estatut\u00e1ria), nos termos do art. 53, \u00a7 2\u00ba, VII, a, do Estatuto Social da Caixa (Decreto n\u00ba 7.973, de 28 de mar\u00e7o de 2013).<\/p>\n<p>&nbsp;<\/p>\n<p>Vejas as explica\u00e7\u00f5es t\u00e9cnicas do Tesouro:<br \/>\n<em>&#8220;De acordo com o art. 60 do Estatuto Social, os resultados da administra\u00e7\u00e3o das loterias federais que couberem \u00e0 CAIXA como executora destes servi\u00e7os p\u00fablicos devem obrigatoriamente ser incorporados ao seu patrim\u00f4nio l\u00edquido.<\/em><\/p>\n<p><em>Segue a transcri\u00e7\u00e3o dos arts. 53 e 60 do Estatuto Social:<\/em><\/p>\n<p><em>Art. 53. A CEF levantar\u00e1 demonstra\u00e7\u00f5es financeiras ao final de cada semestre, certificadas por auditores independentes, conforme normas do Conselho Monet\u00e1rio Nacional e do Banco Central do Brasil.<\/em><\/p>\n<p><em>\u00a7 2\u00ba Ap\u00f3s a absor\u00e7\u00e3o de eventuais preju\u00edzos acumulados e deduzida a provis\u00e3o para imposto de renda e contribui\u00e7\u00e3o social sobre o lucro l\u00edquido, o Conselho de Administra\u00e7\u00e3o fixar\u00e1 a destina\u00e7\u00e3o dos resultados, observados os limites e as condi\u00e7\u00f5es exigidos por lei, a saber:<\/em><\/p>\n<p><em>VII &#8211; reservas estatut\u00e1rias, assim consideradas:<\/em><\/p>\n<p><em>a) reserva de loterias, destinada \u00e0 incorpora\u00e7\u00e3o ao capital da CEF, constitu\u00edda por cem por cento do resultado das loterias, apurado na forma do art. 60;<\/em><\/p>\n<p><em>Art. 60. Os resultados da administra\u00e7\u00e3o das loterias federais que couberem \u00e0 CEF como executora destes servi\u00e7os p\u00fablicos ser\u00e3o incorporados ao seu patrim\u00f4nio l\u00edquido, ap\u00f3s deduzida a parcela apropriada ao Fundo para Desenvolvimento de Loterias.&#8221;<\/em><\/p>\n","protected":false},"excerpt":{"rendered":"<p>POR ROSANA HESSEL &nbsp; O Tesouro Nacional garante que n\u00e3o injetar\u00e1 capital pr\u00f3prio na Caixa Econ\u00f4mica Federal como forma de melhorar a sa\u00fade da institui\u00e7\u00e3o financeira. Segundo o \u00f3rg\u00e3o, &#8220;a integraliza\u00e7\u00e3o de capital na Caixa Econ\u00f4mica Federal de que trata o decreto 8.830\/2016 foi realizada mediante incorpora\u00e7\u00e3o do saldo de R$ 2,78 bilh\u00f5es da reserva [&hellip;]<\/p>\n","protected":false},"author":22,"featured_media":0,"comment_status":"open","ping_status":"closed","sticky":false,"template":"","format":"standard","meta":{"footnotes":""},"categories":[600],"tags":[115,226,121],"class_list":["post-2477","post","type-post","status-publish","format-standard","hentry","category-economia","tag-caixa-economica-federal","tag-socorro","tag-tesouro-nacional"],"_links":{"self":[{"href":"https:\/\/blogs.correiobraziliense.com.br\/vicente\/wp-json\/wp\/v2\/posts\/2477","targetHints":{"allow":["GET"]}}],"collection":[{"href":"https:\/\/blogs.correiobraziliense.com.br\/vicente\/wp-json\/wp\/v2\/posts"}],"about":[{"href":"https:\/\/blogs.correiobraziliense.com.br\/vicente\/wp-json\/wp\/v2\/types\/post"}],"author":[{"embeddable":true,"href":"https:\/\/blogs.correiobraziliense.com.br\/vicente\/wp-json\/wp\/v2\/users\/22"}],"replies":[{"embeddable":true,"href":"https:\/\/blogs.correiobraziliense.com.br\/vicente\/wp-json\/wp\/v2\/comments?post=2477"}],"version-history":[{"count":3,"href":"https:\/\/blogs.correiobraziliense.com.br\/vicente\/wp-json\/wp\/v2\/posts\/2477\/revisions"}],"predecessor-version":[{"id":2480,"href":"https:\/\/blogs.correiobraziliense.com.br\/vicente\/wp-json\/wp\/v2\/posts\/2477\/revisions\/2480"}],"wp:attachment":[{"href":"https:\/\/blogs.correiobraziliense.com.br\/vicente\/wp-json\/wp\/v2\/media?parent=2477"}],"wp:term":[{"taxonomy":"category","embeddable":true,"href":"https:\/\/blogs.correiobraziliense.com.br\/vicente\/wp-json\/wp\/v2\/categories?post=2477"},{"taxonomy":"post_tag","embeddable":true,"href":"https:\/\/blogs.correiobraziliense.com.br\/vicente\/wp-json\/wp\/v2\/tags?post=2477"}],"curies":[{"name":"wp","href":"https:\/\/api.w.org\/{rel}","templated":true}]}}