{"id":2470,"date":"2016-08-05T13:32:16","date_gmt":"2016-08-05T16:32:16","guid":{"rendered":"https:\/\/blogs.correiobraziliense.com.br\/vicente\/?p=2470"},"modified":"2016-08-05T18:16:03","modified_gmt":"2016-08-05T21:16:03","slug":"relator-diz-que-votara-contra-aumento-para-ministros-do-stf","status":"publish","type":"post","link":"https:\/\/blogs.correiobraziliense.com.br\/vicente\/relator-diz-que-votara-contra-aumento-para-ministros-do-stf\/","title":{"rendered":"Relator diz que votar\u00e1 contra aumento para ministros do STF"},"content":{"rendered":"<p>O senador Ricardo Ferra\u00e7o (PSDB-ES), indicado, na Comiss\u00e3o de Assuntos Econ\u00f4micos do Senado (CAE), como relator do projeto que garante reajuste de 16,38% nos sal\u00e1rios de ministros do Supremo Tribunal Federal (STF) avisou que dar\u00e1 parecer contr\u00e1rio \u00e0 medida. Na vis\u00e3o dele, expressada por meio das redes sociais, o aumento \u00e9 um &#8220;absurdo&#8221; num momento em que o Brasil enfrenta uma grave crise fiscal, com Uni\u00e3o, estados e munic\u00edpios quebrados.<\/p>\n<p>&nbsp;<\/p>\n<p>O reajuste tem o aval do Pal\u00e1cio do Planalto, que conta com a boa vontade do presidente do Supremo, Ricardo Lewandowski, na condu\u00e7\u00e3o do impeachment definitivo de Dilma Rousseff. Esse aumento foi negociado pessoalmente pelo ministro. De in\u00edcio, o governo mandou segurar o projeto que garante a corre\u00e7\u00e3o dos sal\u00e1rios, temendo a repercuss\u00e3o no setor p\u00fablico, j\u00e1 que o teto do funcionalismo ter\u00e1 que ser elevado e haver\u00e1 efeito cascata nas demais esferas de governo. Mas, agora, o presidente interino, Michel Temer, deu ok para o andamento da proposta, j\u00e1 aprovada na Comiss\u00e3o de Constitui\u00e7\u00e3o e Justi\u00e7a (CCJ).<\/p>\n<p>&nbsp;<\/p>\n<p>A perspectiva dos ministros do Supremo \u00e9 de que o aval da CAE saia na pr\u00f3xima semana, com o aumento sendo sancionado pelo plen\u00e1rio do Senado logo em seguida, antes da vota\u00e7\u00e3o do afastamento de Dilma. Assim, acreditam o STF e ju\u00edzes que ser\u00e3o beneficiados, Temer n\u00e3o ter\u00e1 como vetar o reajuste.<\/p>\n","protected":false},"excerpt":{"rendered":"<p>O senador Ricardo Ferra\u00e7o (PSDB-ES), indicado, na Comiss\u00e3o de Assuntos Econ\u00f4micos do Senado (CAE), como relator do projeto que garante reajuste de 16,38% nos sal\u00e1rios de ministros do Supremo Tribunal Federal (STF) avisou que dar\u00e1 parecer contr\u00e1rio \u00e0 medida. Na vis\u00e3o dele, expressada por meio das redes sociais, o aumento \u00e9 um &#8220;absurdo&#8221; num momento [&hellip;]<\/p>\n","protected":false},"author":22,"featured_media":0,"comment_status":"open","ping_status":"closed","sticky":false,"template":"","format":"standard","meta":{"footnotes":""},"categories":[600],"tags":[],"class_list":["post-2470","post","type-post","status-publish","format-standard","hentry","category-economia"],"_links":{"self":[{"href":"https:\/\/blogs.correiobraziliense.com.br\/vicente\/wp-json\/wp\/v2\/posts\/2470","targetHints":{"allow":["GET"]}}],"collection":[{"href":"https:\/\/blogs.correiobraziliense.com.br\/vicente\/wp-json\/wp\/v2\/posts"}],"about":[{"href":"https:\/\/blogs.correiobraziliense.com.br\/vicente\/wp-json\/wp\/v2\/types\/post"}],"author":[{"embeddable":true,"href":"https:\/\/blogs.correiobraziliense.com.br\/vicente\/wp-json\/wp\/v2\/users\/22"}],"replies":[{"embeddable":true,"href":"https:\/\/blogs.correiobraziliense.com.br\/vicente\/wp-json\/wp\/v2\/comments?post=2470"}],"version-history":[{"count":3,"href":"https:\/\/blogs.correiobraziliense.com.br\/vicente\/wp-json\/wp\/v2\/posts\/2470\/revisions"}],"predecessor-version":[{"id":2473,"href":"https:\/\/blogs.correiobraziliense.com.br\/vicente\/wp-json\/wp\/v2\/posts\/2470\/revisions\/2473"}],"wp:attachment":[{"href":"https:\/\/blogs.correiobraziliense.com.br\/vicente\/wp-json\/wp\/v2\/media?parent=2470"}],"wp:term":[{"taxonomy":"category","embeddable":true,"href":"https:\/\/blogs.correiobraziliense.com.br\/vicente\/wp-json\/wp\/v2\/categories?post=2470"},{"taxonomy":"post_tag","embeddable":true,"href":"https:\/\/blogs.correiobraziliense.com.br\/vicente\/wp-json\/wp\/v2\/tags?post=2470"}],"curies":[{"name":"wp","href":"https:\/\/api.w.org\/{rel}","templated":true}]}}