{"id":2463,"date":"2016-08-05T08:15:16","date_gmt":"2016-08-05T11:15:16","guid":{"rendered":"https:\/\/blogs.correiobraziliense.com.br\/vicente\/?p=2463"},"modified":"2016-08-05T20:18:47","modified_gmt":"2016-08-05T23:18:47","slug":"governo-socorre-caixa-com-r-28-bi","status":"publish","type":"post","link":"https:\/\/blogs.correiobraziliense.com.br\/vicente\/governo-socorre-caixa-com-r-28-bi\/","title":{"rendered":"Governo socorre Caixa com R$ 2,8 bi"},"content":{"rendered":"<p>Diante das dificuldades enfrentadas pela Caixa Econ\u00f4mica Federal, o governo aumentou o capital da institui\u00e7\u00e3o de R$ 22 bilh\u00f5es para R$ 24,8 bilh\u00f5es. Os recursos, conforme decreto publicado hoje no Di\u00e1rio Oficial, ser\u00e3o bancados totalmente pela Uni\u00e3o.<\/p>\n<p>&nbsp;<\/p>\n<p>O refor\u00e7o de capital enquadra a Caixa \u00e0s regras definidas pelo Banco Central e d\u00e1 f\u00f4lego maior \u00e0s opera\u00e7\u00f5es de cr\u00e9dito. Os analistas acreditam que esse deve ser o primeiro de v\u00e1rios aportes que o Tesouro Nacional ter\u00e1 que fazer no banco.<\/p>\n<p>&nbsp;<\/p>\n<p>Segundo especialistas, a Caixa esconde uma s\u00e9rie de esqueletos, que podem chegar a R$ 30 bilh\u00f5es. A limpeza do balan\u00e7o exigir\u00e1 socorro do governo federal, seu acionista controlador. O refor\u00e7o de capital vale a partir de hoje, de acordo com o decreto.<\/p>\n","protected":false},"excerpt":{"rendered":"<p>Diante das dificuldades enfrentadas pela Caixa Econ\u00f4mica Federal, o governo aumentou o capital da institui\u00e7\u00e3o de R$ 22 bilh\u00f5es para R$ 24,8 bilh\u00f5es. Os recursos, conforme decreto publicado hoje no Di\u00e1rio Oficial, ser\u00e3o bancados totalmente pela Uni\u00e3o. &nbsp; O refor\u00e7o de capital enquadra a Caixa \u00e0s regras definidas pelo Banco Central e d\u00e1 f\u00f4lego maior [&hellip;]<\/p>\n","protected":false},"author":22,"featured_media":0,"comment_status":"open","ping_status":"closed","sticky":false,"template":"","format":"standard","meta":{"footnotes":""},"categories":[600],"tags":[879,115,880,878,877,121],"class_list":["post-2463","post","type-post","status-publish","format-standard","hentry","category-economia","tag-8-bilhoes","tag-caixa-economica-federal","tag-esqueletos","tag-r-2","tag-reforco-de-capital","tag-tesouro-nacional"],"_links":{"self":[{"href":"https:\/\/blogs.correiobraziliense.com.br\/vicente\/wp-json\/wp\/v2\/posts\/2463","targetHints":{"allow":["GET"]}}],"collection":[{"href":"https:\/\/blogs.correiobraziliense.com.br\/vicente\/wp-json\/wp\/v2\/posts"}],"about":[{"href":"https:\/\/blogs.correiobraziliense.com.br\/vicente\/wp-json\/wp\/v2\/types\/post"}],"author":[{"embeddable":true,"href":"https:\/\/blogs.correiobraziliense.com.br\/vicente\/wp-json\/wp\/v2\/users\/22"}],"replies":[{"embeddable":true,"href":"https:\/\/blogs.correiobraziliense.com.br\/vicente\/wp-json\/wp\/v2\/comments?post=2463"}],"version-history":[{"count":7,"href":"https:\/\/blogs.correiobraziliense.com.br\/vicente\/wp-json\/wp\/v2\/posts\/2463\/revisions"}],"predecessor-version":[{"id":2482,"href":"https:\/\/blogs.correiobraziliense.com.br\/vicente\/wp-json\/wp\/v2\/posts\/2463\/revisions\/2482"}],"wp:attachment":[{"href":"https:\/\/blogs.correiobraziliense.com.br\/vicente\/wp-json\/wp\/v2\/media?parent=2463"}],"wp:term":[{"taxonomy":"category","embeddable":true,"href":"https:\/\/blogs.correiobraziliense.com.br\/vicente\/wp-json\/wp\/v2\/categories?post=2463"},{"taxonomy":"post_tag","embeddable":true,"href":"https:\/\/blogs.correiobraziliense.com.br\/vicente\/wp-json\/wp\/v2\/tags?post=2463"}],"curies":[{"name":"wp","href":"https:\/\/api.w.org\/{rel}","templated":true}]}}