{"id":2454,"date":"2016-08-04T20:30:12","date_gmt":"2016-08-04T23:30:12","guid":{"rendered":"https:\/\/blogs.correiobraziliense.com.br\/vicente\/?p=2454"},"modified":"2016-08-04T21:20:29","modified_gmt":"2016-08-05T00:20:29","slug":"com-medo-de-greve-cupula-da-fazenda-abre-agenda-para-servidores-do-tesouro","status":"publish","type":"post","link":"https:\/\/blogs.correiobraziliense.com.br\/vicente\/com-medo-de-greve-cupula-da-fazenda-abre-agenda-para-servidores-do-tesouro\/","title":{"rendered":"Com medo de greve, c\u00fapula da Fazenda abre agenda para servidores do Tesouro"},"content":{"rendered":"<p>A amea\u00e7a de paralisa\u00e7\u00e3o dos servidores do Tesouro Nacional deixou a c\u00fapula do Minist\u00e9rio da Fazenda em estado de alerta. N\u00e3o por acaso, o secret\u00e1rio executivo da pasta, Eduardo Guardia, abriu uma brecha na sua agenda para receber o presidente do Sindicato Nacional dos Analistas e T\u00e9cnicos de Finan\u00e7as e Controle (Unacom), Rudinei Marques, nesta sexta-feira.<\/p>\n<p>&nbsp;<\/p>\n<p>Os funcion\u00e1rios do Tesouro querem equipara\u00e7\u00e3o de seus sal\u00e1rios com os de auditores da Receita Federal, beneficiados por reajustes de at\u00e9 50% e reestrutura\u00e7\u00e3o da carreira. Desde a \u00faltima ter\u00e7a-feira, os servidores v\u00eam cruzando os bra\u00e7os duas horas por dia. A atual secret\u00e1ria do Tesouro, Ana Paula Vescovi, se mostrou incapaz de conter as insatisfa\u00e7\u00f5es.<\/p>\n<p>&nbsp;<\/p>\n<p><em>Bras\u00edlia, 20h30min<\/em><\/p>\n","protected":false},"excerpt":{"rendered":"<p>A amea\u00e7a de paralisa\u00e7\u00e3o dos servidores do Tesouro Nacional deixou a c\u00fapula do Minist\u00e9rio da Fazenda em estado de alerta. N\u00e3o por acaso, o secret\u00e1rio executivo da pasta, Eduardo Guardia, abriu uma brecha na sua agenda para receber o presidente do Sindicato Nacional dos Analistas e T\u00e9cnicos de Finan\u00e7as e Controle (Unacom), Rudinei Marques, nesta [&hellip;]<\/p>\n","protected":false},"author":22,"featured_media":0,"comment_status":"open","ping_status":"closed","sticky":false,"template":"","format":"standard","meta":{"footnotes":""},"categories":[600],"tags":[674,144,347,8,869,123,121],"class_list":["post-2454","post","type-post","status-publish","format-standard","hentry","category-economia","tag-auditores","tag-eduardo-guardia","tag-greve","tag-receita-federal","tag-rudinei-marques","tag-servidores","tag-tesouro-nacional"],"_links":{"self":[{"href":"https:\/\/blogs.correiobraziliense.com.br\/vicente\/wp-json\/wp\/v2\/posts\/2454","targetHints":{"allow":["GET"]}}],"collection":[{"href":"https:\/\/blogs.correiobraziliense.com.br\/vicente\/wp-json\/wp\/v2\/posts"}],"about":[{"href":"https:\/\/blogs.correiobraziliense.com.br\/vicente\/wp-json\/wp\/v2\/types\/post"}],"author":[{"embeddable":true,"href":"https:\/\/blogs.correiobraziliense.com.br\/vicente\/wp-json\/wp\/v2\/users\/22"}],"replies":[{"embeddable":true,"href":"https:\/\/blogs.correiobraziliense.com.br\/vicente\/wp-json\/wp\/v2\/comments?post=2454"}],"version-history":[{"count":2,"href":"https:\/\/blogs.correiobraziliense.com.br\/vicente\/wp-json\/wp\/v2\/posts\/2454\/revisions"}],"predecessor-version":[{"id":2456,"href":"https:\/\/blogs.correiobraziliense.com.br\/vicente\/wp-json\/wp\/v2\/posts\/2454\/revisions\/2456"}],"wp:attachment":[{"href":"https:\/\/blogs.correiobraziliense.com.br\/vicente\/wp-json\/wp\/v2\/media?parent=2454"}],"wp:term":[{"taxonomy":"category","embeddable":true,"href":"https:\/\/blogs.correiobraziliense.com.br\/vicente\/wp-json\/wp\/v2\/categories?post=2454"},{"taxonomy":"post_tag","embeddable":true,"href":"https:\/\/blogs.correiobraziliense.com.br\/vicente\/wp-json\/wp\/v2\/tags?post=2454"}],"curies":[{"name":"wp","href":"https:\/\/api.w.org\/{rel}","templated":true}]}}