{"id":2451,"date":"2016-08-04T18:32:23","date_gmt":"2016-08-04T21:32:23","guid":{"rendered":"https:\/\/blogs.correiobraziliense.com.br\/vicente\/?p=2451"},"modified":"2016-08-04T23:44:06","modified_gmt":"2016-08-05T02:44:06","slug":"ate-iris-sera-usada-para-confirmar-compras-sem-cartao","status":"publish","type":"post","link":"https:\/\/blogs.correiobraziliense.com.br\/vicente\/ate-iris-sera-usada-para-confirmar-compras-sem-cartao\/","title":{"rendered":"At\u00e9 \u00edris ser\u00e1 usada para confirmar compras sem cart\u00e3o"},"content":{"rendered":"<p class=\"p1\">POR ANTONIO TEM\u00d3TEO<\/p>\n<p class=\"p1\">\n<p class=\"p1\">A Visa quer mudar o forma com que os consumidores pagam suas compras. O cart\u00e3o de pl\u00e1stico, para alguns, ficar\u00e1 no passado, apontam executivos da empresa. Al\u00e9m de usar o celular para acertar a conta do restaurante, por meio do Samsung Pay, os brasileiros j\u00e1 podem usar um rel\u00f3gio desenvolvido em parceria com a Swacht e com a Brasil Pr\u00e9-pagos.<\/p>\n<p class=\"p1\">\n<p class=\"p1\">Mas as novidades n\u00e3o param por ai. Outros dois dispositivos para pagamento sem contato est\u00e3o em teste durante os Jogos Ol\u00edmpicos do Rio de Janeiro: uma pulseira, desenvolvida em parceria com o Bradesco, e um anel que \u00e9 usado por atletas patrocinados pela companhia. Todos os aparelhos s\u00e3o pr\u00e9-pagos e carregados pela internet.<\/p>\n<p class=\"p1\">\n<p class=\"p1\">O presidente da Visa na Am\u00e9rica Latina, Eduardo Coello, explica que as ferramentas para pagamento eletr\u00f4nico sem contato chegar\u00e3o ao Brasil \u00e0 medida que os clientes tiveram interesse em oferec\u00ea-las aos consumidores. Atualmente, 2,5 milh\u00f5es de m\u00e1quinas em todo o Brasil t\u00eam a tecnologia necess\u00e1ria para que o cliente fa\u00e7a o pagamento sem cart\u00e3o.<\/p>\n<p class=\"p1\">\n<p class=\"p1\">No Jap\u00e3o, clientes da Visa j\u00e1 fazem pagamentos por meio do reconhecimento da \u00edris. Na Africa do Sul, a digital \u00e9 usada para liberar as transa\u00e7\u00f5es. E, nos Estados Unidos, uma maquina faz a leitura de quatro dedos da m\u00e3o e a compra \u00e9 realizada. &#8220;Os brasileiros gostam de novas tecnologias e, com a demanda dos clientes, vamos oferecer os produtos&#8221;, diz Coello.<\/p>\n","protected":false},"excerpt":{"rendered":"<p>POR ANTONIO TEM\u00d3TEO A Visa quer mudar o forma com que os consumidores pagam suas compras. O cart\u00e3o de pl\u00e1stico, para alguns, ficar\u00e1 no passado, apontam executivos da empresa. Al\u00e9m de usar o celular para acertar a conta do restaurante, por meio do Samsung Pay, os brasileiros j\u00e1 podem usar um rel\u00f3gio desenvolvido em parceria [&hellip;]<\/p>\n","protected":false},"author":22,"featured_media":0,"comment_status":"open","ping_status":"closed","sticky":false,"template":"","format":"standard","meta":{"footnotes":""},"categories":[600],"tags":[871,872,875,874,873,870],"class_list":["post-2451","post","type-post","status-publish","format-standard","hentry","category-economia","tag-cartao","tag-debito","tag-eduardo-coelho","tag-iris","tag-pagamento-eletronico","tag-visa"],"_links":{"self":[{"href":"https:\/\/blogs.correiobraziliense.com.br\/vicente\/wp-json\/wp\/v2\/posts\/2451","targetHints":{"allow":["GET"]}}],"collection":[{"href":"https:\/\/blogs.correiobraziliense.com.br\/vicente\/wp-json\/wp\/v2\/posts"}],"about":[{"href":"https:\/\/blogs.correiobraziliense.com.br\/vicente\/wp-json\/wp\/v2\/types\/post"}],"author":[{"embeddable":true,"href":"https:\/\/blogs.correiobraziliense.com.br\/vicente\/wp-json\/wp\/v2\/users\/22"}],"replies":[{"embeddable":true,"href":"https:\/\/blogs.correiobraziliense.com.br\/vicente\/wp-json\/wp\/v2\/comments?post=2451"}],"version-history":[{"count":5,"href":"https:\/\/blogs.correiobraziliense.com.br\/vicente\/wp-json\/wp\/v2\/posts\/2451\/revisions"}],"predecessor-version":[{"id":2459,"href":"https:\/\/blogs.correiobraziliense.com.br\/vicente\/wp-json\/wp\/v2\/posts\/2451\/revisions\/2459"}],"wp:attachment":[{"href":"https:\/\/blogs.correiobraziliense.com.br\/vicente\/wp-json\/wp\/v2\/media?parent=2451"}],"wp:term":[{"taxonomy":"category","embeddable":true,"href":"https:\/\/blogs.correiobraziliense.com.br\/vicente\/wp-json\/wp\/v2\/categories?post=2451"},{"taxonomy":"post_tag","embeddable":true,"href":"https:\/\/blogs.correiobraziliense.com.br\/vicente\/wp-json\/wp\/v2\/tags?post=2451"}],"curies":[{"name":"wp","href":"https:\/\/api.w.org\/{rel}","templated":true}]}}