{"id":2444,"date":"2016-08-04T15:30:41","date_gmt":"2016-08-04T18:30:41","guid":{"rendered":"https:\/\/blogs.correiobraziliense.com.br\/vicente\/?p=2444"},"modified":"2016-08-04T16:51:00","modified_gmt":"2016-08-04T19:51:00","slug":"por-enquanto-voto-de-confianca-esta-mantido","status":"publish","type":"post","link":"https:\/\/blogs.correiobraziliense.com.br\/vicente\/por-enquanto-voto-de-confianca-esta-mantido\/","title":{"rendered":"Por enquanto, voto de confian\u00e7a est\u00e1 mantido"},"content":{"rendered":"<p>Em conversas reservadas com o <strong>Blog<\/strong>, investidores de alto calibre que estiveram hoje com o ministro da Fazenda, Henrique Meirelles, disseram que, mesmo n\u00e3o tendo ouvido nada de novo do chefe da equipe econ\u00f4mica de Michel Temer, est\u00e3o decididos a manter o voto de confian\u00e7a no governo. Alegaram que, independentemente das concess\u00f5es feitas pelo governo at\u00e9 agora e das derrotas de Meirelles, acreditam que o ajuste fiscal ser\u00e1 refor\u00e7ado depois da aprova\u00e7\u00e3o do impeachment definitivo de Dilma Rousseff.<\/p>\n<p>&nbsp;<\/p>\n<p>Na avalia\u00e7\u00e3o dos investidores, Meirelles se mostrou muito tranquilo, apesar de ciente da dificuldades que enfrenta, ao apresentar todas as propostas que est\u00e3o colocadas para a arruma\u00e7\u00e3o das contas p\u00fablicas. O ministro repetiu que a aprova\u00e7\u00e3o da Proposta de Emenda \u00e0 Constitui\u00e7\u00e3o (PEC) que limita o aumento de gastos \u00e0 infla\u00e7\u00e3o do ano anterior ser\u00e1 um marco na hist\u00f3ria da administra\u00e7\u00e3o p\u00fablica, e disse ter certeza de que o Congresso n\u00e3o faltar\u00e1 ao governo neste momento.<\/p>\n<p>&nbsp;<\/p>\n<p>Para os investidores, ficou claro que Meirelles conta com o aumento das receitas no segundo semestre do ano, devido \u00e0 ligeira melhora da atividade, para evitar aumento de impostos. A possibilidade de alta dos tributos est\u00e1 na mesa e o governo vem testando a opini\u00e3o p\u00fablica sobre o tema. Tudo, por\u00e9m, s\u00f3 ser\u00e1 decidido no fim do m\u00eas, quando se fechar\u00e1 a proposta de Or\u00e7amento de 2017 e se espera que Dilma j\u00e1 esteja bem longe de Bras\u00edlia. O ministro indicou que o resultado da economia poder\u00e1 ser melhor em 2017 do que o esperado. O governo prev\u00ea crescimento de 1,2% para o Produto Interno Bruto (PIB).<\/p>\n<p>&nbsp;<\/p>\n<p>Os investidores disseram a Meirelles que h\u00e1 muito interesse em rela\u00e7\u00e3o ao pa\u00eds, admitiram que um volume grande de recursos pode entrar no Brasil depois do impeachment. Ma ser\u00e1 preciso que o governo reforce e acabe com as contradi\u00e7\u00f5es no ajuste fiscal. &#8220;O voto de confian\u00e7a no governo Temer permanecer\u00e1, por enquanto. A expectativa positiva que se est\u00e1 vendo ser\u00e1 mantida nas pr\u00f3ximas semanas. Mas o governo realmente precisar\u00e1 ser muito mais convincente depois do afastamento definitivo de Dilma&#8221;, afirmou um representante do grupo que esteve na Fazenda.<\/p>\n<p>&nbsp;<\/p>\n<p><em>Bras\u00edlia, 15h30min<\/em><\/p>\n","protected":false},"excerpt":{"rendered":"<p>Em conversas reservadas com o Blog, investidores de alto calibre que estiveram hoje com o ministro da Fazenda, Henrique Meirelles, disseram que, mesmo n\u00e3o tendo ouvido nada de novo do chefe da equipe econ\u00f4mica de Michel Temer, est\u00e3o decididos a manter o voto de confian\u00e7a no governo. Alegaram que, independentemente das concess\u00f5es feitas pelo governo [&hellip;]<\/p>\n","protected":false},"author":22,"featured_media":0,"comment_status":"open","ping_status":"closed","sticky":false,"template":"","format":"standard","meta":{"footnotes":""},"categories":[600],"tags":[561,13,335,254,113,21,199,111,868],"class_list":["post-2444","post","type-post","status-publish","format-standard","hentry","category-economia","tag-561","tag-ajuste-fiscal","tag-confianca","tag-congresso","tag-crescimento","tag-henrique-meirelles","tag-investidores","tag-michel-temer","tag-peg"],"_links":{"self":[{"href":"https:\/\/blogs.correiobraziliense.com.br\/vicente\/wp-json\/wp\/v2\/posts\/2444","targetHints":{"allow":["GET"]}}],"collection":[{"href":"https:\/\/blogs.correiobraziliense.com.br\/vicente\/wp-json\/wp\/v2\/posts"}],"about":[{"href":"https:\/\/blogs.correiobraziliense.com.br\/vicente\/wp-json\/wp\/v2\/types\/post"}],"author":[{"embeddable":true,"href":"https:\/\/blogs.correiobraziliense.com.br\/vicente\/wp-json\/wp\/v2\/users\/22"}],"replies":[{"embeddable":true,"href":"https:\/\/blogs.correiobraziliense.com.br\/vicente\/wp-json\/wp\/v2\/comments?post=2444"}],"version-history":[{"count":2,"href":"https:\/\/blogs.correiobraziliense.com.br\/vicente\/wp-json\/wp\/v2\/posts\/2444\/revisions"}],"predecessor-version":[{"id":2446,"href":"https:\/\/blogs.correiobraziliense.com.br\/vicente\/wp-json\/wp\/v2\/posts\/2444\/revisions\/2446"}],"wp:attachment":[{"href":"https:\/\/blogs.correiobraziliense.com.br\/vicente\/wp-json\/wp\/v2\/media?parent=2444"}],"wp:term":[{"taxonomy":"category","embeddable":true,"href":"https:\/\/blogs.correiobraziliense.com.br\/vicente\/wp-json\/wp\/v2\/categories?post=2444"},{"taxonomy":"post_tag","embeddable":true,"href":"https:\/\/blogs.correiobraziliense.com.br\/vicente\/wp-json\/wp\/v2\/tags?post=2444"}],"curies":[{"name":"wp","href":"https:\/\/api.w.org\/{rel}","templated":true}]}}