{"id":2429,"date":"2016-08-04T00:01:55","date_gmt":"2016-08-04T03:01:55","guid":{"rendered":"https:\/\/blogs.correiobraziliense.com.br\/vicente\/?p=2429"},"modified":"2016-08-04T00:06:50","modified_gmt":"2016-08-04T03:06:50","slug":"policiais-cobram-da-fazenda-explicacoes-sobre-fim-de-regime-especial-de-previdencia","status":"publish","type":"post","link":"https:\/\/blogs.correiobraziliense.com.br\/vicente\/policiais-cobram-da-fazenda-explicacoes-sobre-fim-de-regime-especial-de-previdencia\/","title":{"rendered":"Policiais cobram da Fazenda explica\u00e7\u00f5es sobre fim de regime especial de previd\u00eancia"},"content":{"rendered":"<p>CELIA PERRONE<\/p>\n<p>&nbsp;<\/p>\n<p>O secret\u00e1rio da Previd\u00eancia do Minist\u00e9rio da Fazenda, Marcelo Caetano, est\u00e1 sendo obrigado a receber uma romaria de grupos de trabalhadores, todos preocupados com a reforma que o governo promete fazer na Previd\u00eancia Social. Nesta quarta-feira, ele recebeu 19 representantes da Associa\u00e7\u00e3o Nacional das Mulheres Policiais do Brasil (Ampol), que re\u00fane Pol\u00edcia Federal, Pol\u00edcia Civil, Pol\u00edcia Militar, Pol\u00edcia Rodovi\u00e1ria Federal e Corpo de Bombeiros. Elas cobram explica\u00e7\u00f5es sobre o que est\u00e1 sendo pensado para a categoria, que t\u00eam aposentadoria especial, ou seja, pode deixar o mercado depois de 25 anos de trabalho.<\/p>\n<p>&nbsp;<\/p>\n<p>Segundo a presidente da Ampol, Creusa Carmelier, o encontro durou quase tr\u00eas horas. \u201cFomos saber como est\u00e1 sendo pensada a reforma da previd\u00eancia no que tange \u00e0 seguran\u00e7a p\u00fablica. Soubemos que n\u00e3o h\u00e1 uma proposta firmada ainda, e colocamos as especificidades da carreira, como carga hor\u00e1ria e o perigo que corremos, mesmo depois da aposentadoria. Somos muito visados\u201d, diz. Apesar do discurso polido, as policiais est\u00e3o prontas para elevar o tom caso se sintam prejudicadas pelo que o governo quer fazer.<\/p>\n<p>&nbsp;<\/p>\n<p>Na avalia\u00e7\u00e3o de Fabio Zambitte Ibrahim, especialista em direito previdenci\u00e1rio e professor do Ibmec\/RJ, \u00e9 preciso reconhecer os riscos que todos policiais correm, mas n\u00e3o h\u00e1 raz\u00e3o para privil\u00e9gios. &#8220;A discuss\u00e3o est\u00e1 fora de foco. Acho que \u00e9 preciso trabalhar mais a causa e n\u00e3o a consequ\u00eancia. Entidades\u00a0 como a Ampol v\u00e3o \u00e0 Bras\u00edlia exigir que n\u00e3o se acabe com privil\u00e9gios, mas n\u00e3o vejo a mesma disposi\u00e7\u00e3o para reivindicar que se ponha fim \u00e0 viol\u00eancia nas ruas\u201d, enfatiza.<\/p>\n<p>&nbsp;<\/p>\n<p>Ele admite que n\u00e3o ser\u00e1 f\u00e1cil para o governo levar adiante a proposta de reforma diante de tantos grupos organizados contr\u00e1rios \u00e0 mudan\u00e7a. A perspectiva do mercado \u00e9 de que, na melhor das hip\u00f3teses, o projeto de mudan\u00e7as na Previd\u00eancia chegue ao Congresso no fim deste ano, mas o debate s\u00f3 comece depois de fevereiro de 2017.<\/p>\n<p>&nbsp;<\/p>\n<p>Bras\u00edlia,<\/p>\n","protected":false},"excerpt":{"rendered":"<p>CELIA PERRONE &nbsp; O secret\u00e1rio da Previd\u00eancia do Minist\u00e9rio da Fazenda, Marcelo Caetano, est\u00e1 sendo obrigado a receber uma romaria de grupos de trabalhadores, todos preocupados com a reforma que o governo promete fazer na Previd\u00eancia Social. Nesta quarta-feira, ele recebeu 19 representantes da Associa\u00e7\u00e3o Nacional das Mulheres Policiais do Brasil (Ampol), que re\u00fane Pol\u00edcia [&hellip;]<\/p>\n","protected":false},"author":22,"featured_media":0,"comment_status":"open","ping_status":"closed","sticky":false,"template":"","format":"standard","meta":{"footnotes":""},"categories":[600],"tags":[862,837,772,429,614],"class_list":["post-2429","post","type-post","status-publish","format-standard","hentry","category-economia","tag-ampol","tag-marcelo-caetano","tag-policiais","tag-previdencia","tag-reforma"],"_links":{"self":[{"href":"https:\/\/blogs.correiobraziliense.com.br\/vicente\/wp-json\/wp\/v2\/posts\/2429","targetHints":{"allow":["GET"]}}],"collection":[{"href":"https:\/\/blogs.correiobraziliense.com.br\/vicente\/wp-json\/wp\/v2\/posts"}],"about":[{"href":"https:\/\/blogs.correiobraziliense.com.br\/vicente\/wp-json\/wp\/v2\/types\/post"}],"author":[{"embeddable":true,"href":"https:\/\/blogs.correiobraziliense.com.br\/vicente\/wp-json\/wp\/v2\/users\/22"}],"replies":[{"embeddable":true,"href":"https:\/\/blogs.correiobraziliense.com.br\/vicente\/wp-json\/wp\/v2\/comments?post=2429"}],"version-history":[{"count":1,"href":"https:\/\/blogs.correiobraziliense.com.br\/vicente\/wp-json\/wp\/v2\/posts\/2429\/revisions"}],"predecessor-version":[{"id":2430,"href":"https:\/\/blogs.correiobraziliense.com.br\/vicente\/wp-json\/wp\/v2\/posts\/2429\/revisions\/2430"}],"wp:attachment":[{"href":"https:\/\/blogs.correiobraziliense.com.br\/vicente\/wp-json\/wp\/v2\/media?parent=2429"}],"wp:term":[{"taxonomy":"category","embeddable":true,"href":"https:\/\/blogs.correiobraziliense.com.br\/vicente\/wp-json\/wp\/v2\/categories?post=2429"},{"taxonomy":"post_tag","embeddable":true,"href":"https:\/\/blogs.correiobraziliense.com.br\/vicente\/wp-json\/wp\/v2\/tags?post=2429"}],"curies":[{"name":"wp","href":"https:\/\/api.w.org\/{rel}","templated":true}]}}