{"id":2424,"date":"2016-08-03T19:45:35","date_gmt":"2016-08-03T22:45:35","guid":{"rendered":"https:\/\/blogs.correiobraziliense.com.br\/vicente\/?p=2424"},"modified":"2016-08-03T23:46:59","modified_gmt":"2016-08-04T02:46:59","slug":"jungmann-e-padilha-divergem-sobre-reforma-da-previdencia-de-militares","status":"publish","type":"post","link":"https:\/\/blogs.correiobraziliense.com.br\/vicente\/jungmann-e-padilha-divergem-sobre-reforma-da-previdencia-de-militares\/","title":{"rendered":"Jungmann e Padilha divergem sobre reforma da previd\u00eancia de militares"},"content":{"rendered":"<p>ANTONIO TEM\u00d3TEO<\/p>\n<p>&nbsp;<\/p>\n<p>O governo j\u00e1 come\u00e7a a rachar em rela\u00e7\u00e3o \u00e0 reforma da Previd\u00eancia Social, antes mesmo de o projeto ficar pronto. Os ministros da Defesa, Raul Jungmann, e da Casa Civil, Eliseu Padilha, est\u00e3o se debatendo em rela\u00e7\u00e3o \u00e0 proposta de unifica\u00e7\u00e3o dos sistemas previdenci\u00e1rios de trabalhadores da iniciativa privada, servidores e militares. Para Jungmann, mexer na Previd\u00eancia dos militares ser\u00e1 um problema.<\/p>\n<p>&nbsp;<\/p>\n<p>O ministro da Defesa diz que, particularmente, \u00e9 contra a unifica\u00e7\u00e3o dos sistemas. &#8220;Entendo que, no setor p\u00fablico, temos duas carreiras, dos servidores civis e militares. Mas \u00e9 importante lembrar que a carreira militar obriga a uma s\u00e9rie de ren\u00fancias em termos de direitos que o servidor civil tem&#8221;, diz.<\/p>\n<p>&nbsp;<\/p>\n<p>Para Padilha, n\u00e3o pode haver distin\u00e7\u00e3o. J\u00e1 que o governo ter\u00e1 que enfrentar a batalha da reforma, \u00e9 preciso que todos deem sua cota de sacrif\u00edcio e abram m\u00e3o de privil\u00e9gios. O ministro reconhece, por\u00e9m, que n\u00e3o ser\u00e1 f\u00e1cil vencer as corpora\u00e7\u00f5es. Os militares t\u00eam um forte lobby e v\u00e3o jogar pesado para manter tudo como est\u00e1.<\/p>\n<p>&nbsp;<\/p>\n<p>Jungmann diz que as discuss\u00f5es ainda s\u00e3o preliminares. Portanto, ser\u00e1 poss\u00edvel chegar a um projeto de consenso. Ele faz quest\u00e3o de dizer que acatar\u00e1 o que for decidido, mas que manter\u00e1 a posi\u00e7\u00e3o contra a unifica\u00e7\u00e3o dos sistemas. &#8220;Acho justo (um tratamento diferenciado para os militares&#8221;, frisa.<\/p>\n<p>&nbsp;<\/p>\n<p><em>Bras\u00edlia, 19h45min<\/em><\/p>\n","protected":false},"excerpt":{"rendered":"<p>ANTONIO TEM\u00d3TEO &nbsp; O governo j\u00e1 come\u00e7a a rachar em rela\u00e7\u00e3o \u00e0 reforma da Previd\u00eancia Social, antes mesmo de o projeto ficar pronto. Os ministros da Defesa, Raul Jungmann, e da Casa Civil, Eliseu Padilha, est\u00e3o se debatendo em rela\u00e7\u00e3o \u00e0 proposta de unifica\u00e7\u00e3o dos sistemas previdenci\u00e1rios de trabalhadores da iniciativa privada, servidores e militares. [&hellip;]<\/p>\n","protected":false},"author":22,"featured_media":0,"comment_status":"open","ping_status":"closed","sticky":false,"template":"","format":"standard","meta":{"footnotes":""},"categories":[600],"tags":[224,564,769,429,861,614],"class_list":["post-2424","post","type-post","status-publish","format-standard","hentry","category-economia","tag-divergencias","tag-eliseu-padilha","tag-militares","tag-previdencia","tag-raul-jungmann","tag-reforma"],"_links":{"self":[{"href":"https:\/\/blogs.correiobraziliense.com.br\/vicente\/wp-json\/wp\/v2\/posts\/2424","targetHints":{"allow":["GET"]}}],"collection":[{"href":"https:\/\/blogs.correiobraziliense.com.br\/vicente\/wp-json\/wp\/v2\/posts"}],"about":[{"href":"https:\/\/blogs.correiobraziliense.com.br\/vicente\/wp-json\/wp\/v2\/types\/post"}],"author":[{"embeddable":true,"href":"https:\/\/blogs.correiobraziliense.com.br\/vicente\/wp-json\/wp\/v2\/users\/22"}],"replies":[{"embeddable":true,"href":"https:\/\/blogs.correiobraziliense.com.br\/vicente\/wp-json\/wp\/v2\/comments?post=2424"}],"version-history":[{"count":4,"href":"https:\/\/blogs.correiobraziliense.com.br\/vicente\/wp-json\/wp\/v2\/posts\/2424\/revisions"}],"predecessor-version":[{"id":2428,"href":"https:\/\/blogs.correiobraziliense.com.br\/vicente\/wp-json\/wp\/v2\/posts\/2424\/revisions\/2428"}],"wp:attachment":[{"href":"https:\/\/blogs.correiobraziliense.com.br\/vicente\/wp-json\/wp\/v2\/media?parent=2424"}],"wp:term":[{"taxonomy":"category","embeddable":true,"href":"https:\/\/blogs.correiobraziliense.com.br\/vicente\/wp-json\/wp\/v2\/categories?post=2424"},{"taxonomy":"post_tag","embeddable":true,"href":"https:\/\/blogs.correiobraziliense.com.br\/vicente\/wp-json\/wp\/v2\/tags?post=2424"}],"curies":[{"name":"wp","href":"https:\/\/api.w.org\/{rel}","templated":true}]}}