{"id":2420,"date":"2016-08-03T16:30:21","date_gmt":"2016-08-03T19:30:21","guid":{"rendered":"https:\/\/blogs.correiobraziliense.com.br\/vicente\/?p=2420"},"modified":"2016-08-03T17:02:35","modified_gmt":"2016-08-03T20:02:35","slug":"meirelles-acuado","status":"publish","type":"post","link":"https:\/\/blogs.correiobraziliense.com.br\/vicente\/meirelles-acuado\/","title":{"rendered":"Meirelles acuado"},"content":{"rendered":"<p>As cr\u00edticas que come\u00e7am a ganhar corpo diante da coniv\u00eancia da equipe econ\u00f4mica em rela\u00e7\u00e3o \u00e0 flexibiliza\u00e7\u00e3o do ajuste fiscal est\u00e3o mexendo com os nervos do ministro da Fazenda, Henrique Meirelles.<\/p>\n<p>&nbsp;<\/p>\n<p>Nos \u00faltimos dois dias, ele desandou a falar como forma de se defender. Tenta convencer os agentes econ\u00f4micos de que o compromisso com a arruma\u00e7\u00e3o das contas p\u00fablicas se mant\u00e9m intacto.<\/p>\n<p>&nbsp;<\/p>\n<p>Ontem \u00e0 noite, ele convocou uma entrevista coletiva de \u00faltima hora para dizer que as concess\u00f5es feitas aos estados, por meio do projeto de renegocia\u00e7\u00e3o de d\u00edvidas, em nada afetam a proposta que limita o aumento dos gastos \u00e0 infla\u00e7\u00e3o do ano anterior.<\/p>\n<p>&nbsp;<\/p>\n<p>Hoje, no fim da manh\u00e3, falou muito em um semin\u00e1rio no Rio, sempre se defendendo. Assim que desembarcou em Bras\u00edlia, foi para o minist\u00e9rio e, na porta do \u00f3rg\u00e3o, aproveitou a presen\u00e7a dos jornalistas que o esperavam para mandar recados.<\/p>\n<p>&nbsp;<\/p>\n<p>N\u00e3o custa lembrar que Meirelles, quando estava incensado pelo mercado, se recusava a falar na portaria da Fazenda. Pode ser sinal de desespero, dizem seus detratores.<\/p>\n<p>&nbsp;<\/p>\n","protected":false},"excerpt":{"rendered":"<p>As cr\u00edticas que come\u00e7am a ganhar corpo diante da coniv\u00eancia da equipe econ\u00f4mica em rela\u00e7\u00e3o \u00e0 flexibiliza\u00e7\u00e3o do ajuste fiscal est\u00e3o mexendo com os nervos do ministro da Fazenda, Henrique Meirelles. &nbsp; Nos \u00faltimos dois dias, ele desandou a falar como forma de se defender. Tenta convencer os agentes econ\u00f4micos de que o compromisso com [&hellip;]<\/p>\n","protected":false},"author":22,"featured_media":0,"comment_status":"open","ping_status":"closed","sticky":false,"template":"","format":"standard","meta":{"footnotes":""},"categories":[600],"tags":[],"class_list":["post-2420","post","type-post","status-publish","format-standard","hentry","category-economia"],"_links":{"self":[{"href":"https:\/\/blogs.correiobraziliense.com.br\/vicente\/wp-json\/wp\/v2\/posts\/2420","targetHints":{"allow":["GET"]}}],"collection":[{"href":"https:\/\/blogs.correiobraziliense.com.br\/vicente\/wp-json\/wp\/v2\/posts"}],"about":[{"href":"https:\/\/blogs.correiobraziliense.com.br\/vicente\/wp-json\/wp\/v2\/types\/post"}],"author":[{"embeddable":true,"href":"https:\/\/blogs.correiobraziliense.com.br\/vicente\/wp-json\/wp\/v2\/users\/22"}],"replies":[{"embeddable":true,"href":"https:\/\/blogs.correiobraziliense.com.br\/vicente\/wp-json\/wp\/v2\/comments?post=2420"}],"version-history":[{"count":3,"href":"https:\/\/blogs.correiobraziliense.com.br\/vicente\/wp-json\/wp\/v2\/posts\/2420\/revisions"}],"predecessor-version":[{"id":2423,"href":"https:\/\/blogs.correiobraziliense.com.br\/vicente\/wp-json\/wp\/v2\/posts\/2420\/revisions\/2423"}],"wp:attachment":[{"href":"https:\/\/blogs.correiobraziliense.com.br\/vicente\/wp-json\/wp\/v2\/media?parent=2420"}],"wp:term":[{"taxonomy":"category","embeddable":true,"href":"https:\/\/blogs.correiobraziliense.com.br\/vicente\/wp-json\/wp\/v2\/categories?post=2420"},{"taxonomy":"post_tag","embeddable":true,"href":"https:\/\/blogs.correiobraziliense.com.br\/vicente\/wp-json\/wp\/v2\/tags?post=2420"}],"curies":[{"name":"wp","href":"https:\/\/api.w.org\/{rel}","templated":true}]}}