{"id":2418,"date":"2016-08-03T13:35:59","date_gmt":"2016-08-03T16:35:59","guid":{"rendered":"https:\/\/blogs.correiobraziliense.com.br\/vicente\/?p=2418"},"modified":"2016-08-03T16:16:54","modified_gmt":"2016-08-03T19:16:54","slug":"meirelles-defende-reajuste-servidores-e-diz-que-descumprimento-de-acordo-seria-calote","status":"publish","type":"post","link":"https:\/\/blogs.correiobraziliense.com.br\/vicente\/meirelles-defende-reajuste-servidores-e-diz-que-descumprimento-de-acordo-seria-calote\/","title":{"rendered":"Meirelles defende reajuste a servidores e diz que descumprimento de acordo seria calote"},"content":{"rendered":"<p>ANTONIO TEM\u00d3TEO<\/p>\n<p>&nbsp;<\/p>\n<p>Na tentativa de convencer os investidores de que o governo n\u00e3o abriu m\u00e3o do ajuste fiscal, apesar dos forte sinais de que a gastan\u00e7a continua desenfreada, o ministro da Fazenda, Henrique Meirelles, defende os reajustes salariais concedidos a servidores p\u00fablicos federais. Segundo ele, &#8220;o governo n\u00e3o pode come\u00e7ar um\u00a0 processo de ajuste dando calote em acordo assinado&#8221;, diz, ressaltando que os aumentos j\u00e1 estavam acertados desde a administra\u00e7\u00e3o de Dilma Rousseff.<\/p>\n<p>&nbsp;<\/p>\n<p>Na avalia\u00e7\u00e3o do ministro, os reajustes t\u00eam ficado abaixo da infla\u00e7\u00e3o e n\u00e3o ter\u00e3o grande impacto nas despesas do governo. Ele questiona ainda se faria sentido, para reverter os desequil\u00edbrios, o governo\u00a0 fazer corte de gastos demitindo servidores. &#8220;O funcion\u00e1rio p\u00fablico tem estabilidade. Isso foi uma conquista do Estado brasileiro, que protegeu a m\u00e1quina p\u00fablica do aparelhamento, como temos visto e est\u00e1 sendo enfrentado&#8221;, assinala.<\/p>\n","protected":false},"excerpt":{"rendered":"<p>ANTONIO TEM\u00d3TEO &nbsp; Na tentativa de convencer os investidores de que o governo n\u00e3o abriu m\u00e3o do ajuste fiscal, apesar dos forte sinais de que a gastan\u00e7a continua desenfreada, o ministro da Fazenda, Henrique Meirelles, defende os reajustes salariais concedidos a servidores p\u00fablicos federais. Segundo ele, &#8220;o governo n\u00e3o pode come\u00e7ar um\u00a0 processo de ajuste [&hellip;]<\/p>\n","protected":false},"author":22,"featured_media":0,"comment_status":"open","ping_status":"closed","sticky":false,"template":"","format":"standard","meta":{"footnotes":""},"categories":[600],"tags":[],"class_list":["post-2418","post","type-post","status-publish","format-standard","hentry","category-economia"],"_links":{"self":[{"href":"https:\/\/blogs.correiobraziliense.com.br\/vicente\/wp-json\/wp\/v2\/posts\/2418","targetHints":{"allow":["GET"]}}],"collection":[{"href":"https:\/\/blogs.correiobraziliense.com.br\/vicente\/wp-json\/wp\/v2\/posts"}],"about":[{"href":"https:\/\/blogs.correiobraziliense.com.br\/vicente\/wp-json\/wp\/v2\/types\/post"}],"author":[{"embeddable":true,"href":"https:\/\/blogs.correiobraziliense.com.br\/vicente\/wp-json\/wp\/v2\/users\/22"}],"replies":[{"embeddable":true,"href":"https:\/\/blogs.correiobraziliense.com.br\/vicente\/wp-json\/wp\/v2\/comments?post=2418"}],"version-history":[{"count":1,"href":"https:\/\/blogs.correiobraziliense.com.br\/vicente\/wp-json\/wp\/v2\/posts\/2418\/revisions"}],"predecessor-version":[{"id":2419,"href":"https:\/\/blogs.correiobraziliense.com.br\/vicente\/wp-json\/wp\/v2\/posts\/2418\/revisions\/2419"}],"wp:attachment":[{"href":"https:\/\/blogs.correiobraziliense.com.br\/vicente\/wp-json\/wp\/v2\/media?parent=2418"}],"wp:term":[{"taxonomy":"category","embeddable":true,"href":"https:\/\/blogs.correiobraziliense.com.br\/vicente\/wp-json\/wp\/v2\/categories?post=2418"},{"taxonomy":"post_tag","embeddable":true,"href":"https:\/\/blogs.correiobraziliense.com.br\/vicente\/wp-json\/wp\/v2\/tags?post=2418"}],"curies":[{"name":"wp","href":"https:\/\/api.w.org\/{rel}","templated":true}]}}