{"id":2412,"date":"2016-08-03T12:25:28","date_gmt":"2016-08-03T15:25:28","guid":{"rendered":"https:\/\/blogs.correiobraziliense.com.br\/vicente\/?p=2412"},"modified":"2016-08-03T12:42:34","modified_gmt":"2016-08-03T15:42:34","slug":"congresso-preve-a-contratacao-de-30-mil-pessoas-para-o-governo-federal-em-2017","status":"publish","type":"post","link":"https:\/\/blogs.correiobraziliense.com.br\/vicente\/congresso-preve-a-contratacao-de-30-mil-pessoas-para-o-governo-federal-em-2017\/","title":{"rendered":"Congresso prev\u00ea a contrata\u00e7\u00e3o de 30 mil pessoas para o governo federal em 2017"},"content":{"rendered":"<p>POR ROSANA HESSEL<\/p>\n<p>&nbsp;<\/p>\n<p>Relator da Lei de Diretrizes Or\u00e7ament\u00e1rias (LDO) de 2017, o senador Wellington Fagundes (PR-MT) conseguiu aprovar, na Comiss\u00e3o Mista do Or\u00e7amento (CMO), a obrigatoriedade de o governo federal contratar 30 mil pessoas para o servi\u00e7o p\u00fablico no pr\u00f3ximo ano, a fim de preencher vagas previstas nos concursos lan\u00e7ados at\u00e9 2015 e de substituir aposentados.<\/p>\n<p>&nbsp;<\/p>\n<p>O senador ressalta que, apesar da contrariedade da equipe econ\u00f4mica, ser\u00e1 necess\u00e1rio recompor \u00e1reas importantes, nas quais as aposentadorias ser\u00e3o muito frequentes nos pr\u00f3ximos anos. Quando encaminhou o projeto da LDO para o Congresso, no entanto, o Minist\u00e9rio do Planejamento assegurou que n\u00e3o estava prevista a realiza\u00e7\u00e3o de concursos em 2017.<\/p>\n<p>&nbsp;<\/p>\n<p>A LDO deve ser aprovada nos pr\u00f3ximos dias pelo plen\u00e1rio do Congresso. A expectativa \u00e9 de que o projeto relatado por Wellington Fagundes seja aprovado sem ressalvas. Resta saber se o presidente interino, Michel Temer, vetar\u00e1 a contrata\u00e7\u00e3o de pessoal.<\/p>\n<p>&nbsp;<\/p>\n<p>A equipe do ministro da Fazenda, Henrique Meirelles, n\u00e3o quer saber de falar sobre amplia\u00e7\u00e3o do n\u00famero de funcion\u00e1rios p\u00fablicos num momento em que o governo precisa demonstrar forte compromisso com o ajuste fiscal.<\/p>\n<p>&nbsp;<\/p>\n<p><em>Bras\u00edlia, 12h25min<\/em><\/p>\n","protected":false},"excerpt":{"rendered":"<p>POR ROSANA HESSEL &nbsp; Relator da Lei de Diretrizes Or\u00e7ament\u00e1rias (LDO) de 2017, o senador Wellington Fagundes (PR-MT) conseguiu aprovar, na Comiss\u00e3o Mista do Or\u00e7amento (CMO), a obrigatoriedade de o governo federal contratar 30 mil pessoas para o servi\u00e7o p\u00fablico no pr\u00f3ximo ano, a fim de preencher vagas previstas nos concursos lan\u00e7ados at\u00e9 2015 e [&hellip;]<\/p>\n","protected":false},"author":22,"featured_media":0,"comment_status":"open","ping_status":"closed","sticky":false,"template":"","format":"standard","meta":{"footnotes":""},"categories":[600],"tags":[],"class_list":["post-2412","post","type-post","status-publish","format-standard","hentry","category-economia"],"_links":{"self":[{"href":"https:\/\/blogs.correiobraziliense.com.br\/vicente\/wp-json\/wp\/v2\/posts\/2412","targetHints":{"allow":["GET"]}}],"collection":[{"href":"https:\/\/blogs.correiobraziliense.com.br\/vicente\/wp-json\/wp\/v2\/posts"}],"about":[{"href":"https:\/\/blogs.correiobraziliense.com.br\/vicente\/wp-json\/wp\/v2\/types\/post"}],"author":[{"embeddable":true,"href":"https:\/\/blogs.correiobraziliense.com.br\/vicente\/wp-json\/wp\/v2\/users\/22"}],"replies":[{"embeddable":true,"href":"https:\/\/blogs.correiobraziliense.com.br\/vicente\/wp-json\/wp\/v2\/comments?post=2412"}],"version-history":[{"count":1,"href":"https:\/\/blogs.correiobraziliense.com.br\/vicente\/wp-json\/wp\/v2\/posts\/2412\/revisions"}],"predecessor-version":[{"id":2413,"href":"https:\/\/blogs.correiobraziliense.com.br\/vicente\/wp-json\/wp\/v2\/posts\/2412\/revisions\/2413"}],"wp:attachment":[{"href":"https:\/\/blogs.correiobraziliense.com.br\/vicente\/wp-json\/wp\/v2\/media?parent=2412"}],"wp:term":[{"taxonomy":"category","embeddable":true,"href":"https:\/\/blogs.correiobraziliense.com.br\/vicente\/wp-json\/wp\/v2\/categories?post=2412"},{"taxonomy":"post_tag","embeddable":true,"href":"https:\/\/blogs.correiobraziliense.com.br\/vicente\/wp-json\/wp\/v2\/tags?post=2412"}],"curies":[{"name":"wp","href":"https:\/\/api.w.org\/{rel}","templated":true}]}}