{"id":2408,"date":"2016-08-03T10:30:01","date_gmt":"2016-08-03T13:30:01","guid":{"rendered":"https:\/\/blogs.correiobraziliense.com.br\/vicente\/?p=2408"},"modified":"2016-08-03T11:24:46","modified_gmt":"2016-08-03T14:24:46","slug":"ja-foi-melhor-o-clima-na-fazenda","status":"publish","type":"post","link":"https:\/\/blogs.correiobraziliense.com.br\/vicente\/ja-foi-melhor-o-clima-na-fazenda\/","title":{"rendered":"J\u00e1 foi melhor o clima na Fazenda"},"content":{"rendered":"<p>A equipe do ministro da Fazenda, Henrique Meirelles, tomou posse carimbada pelo selo da excel\u00eancia. Era comum ouvir no mercado financeiro que o ministro n\u00e3o poderia ter escolhido time melhor. &#8220;Enfim, um grupo capaz de tirar o pa\u00eds do buraco&#8221;, disse, \u00e0 \u00e9poca, um diretor de um banco estrangeiro. &#8220;Com os escolhidos por Meirelles, a Fazenda pula da terceira para a primeira divis\u00e3o&#8221;, completou um gestor de uma carteira de R$ 14 bilh\u00f5es.<\/p>\n<p>&nbsp;<\/p>\n<p>Pois, passados quase tr\u00eas meses do governo de Michel Temer, o clima entre os auxiliares de Meirelles j\u00e1 n\u00e3o \u00e9 de tanta autoconfian\u00e7a. H\u00e1 um certo descontentamento com o encaminhamento que vem sendo feito pelo governo, sob o argumento da interinidade, nas negocia\u00e7\u00f5es com o Congresso, que podem desfigurar o prometido ajuste fiscal. Com diz um dos t\u00e9cnicos, &#8220;algo de muito estranho est\u00e1 acontecendo e o resultado pode ser muito ruim&#8221;.<\/p>\n<p>&nbsp;<\/p>\n<p>O mesmo sentimento de desconfian\u00e7a come\u00e7a a tomar conta do mercado financeiro. A grande pergunta que todos est\u00e3o fazendo, depois do liberou geral no projeto de renegocia\u00e7\u00e3o de d\u00edvidas de estados, \u00e9 se o governo ter\u00e1 for\u00e7a suficiente para levar adiante, como saiu da Fazenda, a Proposta de Emenda \u00e0 Constitui\u00e7\u00e3o (PEC) que limita o aumento de gastos \u00e0 infla\u00e7\u00e3o do ano anterior. Teme-se uma onda de concess\u00f5es que deixem as contas p\u00fablicas no est\u00e1gio em que est\u00e3o: no vermelho.<\/p>\n<p>&nbsp;<\/p>\n<p>Meirelles sentiu o baque das concess\u00f5es que foi obrigado a fazer. Nos \u00faltimos dias, reuniu-se com v\u00e1rios integrantes de sua equipe para construir um discurso de que tudo est\u00e1 bem, que, t\u00e3o logo o impeachment definitivo de Dilma Rousseff seja aprovado, tudo ser\u00e1 diferente e o governo adotar\u00e1 medidas duras e, se preciso for, impopulares, para cumprir todas as metas assumidas.<\/p>\n<p>&nbsp;<\/p>\n<p>Quando, por\u00e9m, um ministro precisa fazer esse tipo de convencimento com sua equipe, deve-se botar as barbas de molho. O risco de fracasso entrou no horizonte da Fazenda.<\/p>\n<p>&nbsp;<\/p>\n<p><em>Bras\u00edlia, 10h30min<\/em><\/p>\n","protected":false},"excerpt":{"rendered":"<p>A equipe do ministro da Fazenda, Henrique Meirelles, tomou posse carimbada pelo selo da excel\u00eancia. Era comum ouvir no mercado financeiro que o ministro n\u00e3o poderia ter escolhido time melhor. &#8220;Enfim, um grupo capaz de tirar o pa\u00eds do buraco&#8221;, disse, \u00e0 \u00e9poca, um diretor de um banco estrangeiro. &#8220;Com os escolhidos por Meirelles, a [&hellip;]<\/p>\n","protected":false},"author":22,"featured_media":0,"comment_status":"open","ping_status":"closed","sticky":false,"template":"","format":"standard","meta":{"footnotes":""},"categories":[600],"tags":[303,858,320,21,111,19,857,304],"class_list":["post-2408","post","type-post","status-publish","format-standard","hentry","category-economia","tag-divida","tag-equipe","tag-estados","tag-henrique-meirelles","tag-michel-temer","tag-ministerio-da-fazenda","tag-preocupacao","tag-renegociacao"],"_links":{"self":[{"href":"https:\/\/blogs.correiobraziliense.com.br\/vicente\/wp-json\/wp\/v2\/posts\/2408","targetHints":{"allow":["GET"]}}],"collection":[{"href":"https:\/\/blogs.correiobraziliense.com.br\/vicente\/wp-json\/wp\/v2\/posts"}],"about":[{"href":"https:\/\/blogs.correiobraziliense.com.br\/vicente\/wp-json\/wp\/v2\/types\/post"}],"author":[{"embeddable":true,"href":"https:\/\/blogs.correiobraziliense.com.br\/vicente\/wp-json\/wp\/v2\/users\/22"}],"replies":[{"embeddable":true,"href":"https:\/\/blogs.correiobraziliense.com.br\/vicente\/wp-json\/wp\/v2\/comments?post=2408"}],"version-history":[{"count":2,"href":"https:\/\/blogs.correiobraziliense.com.br\/vicente\/wp-json\/wp\/v2\/posts\/2408\/revisions"}],"predecessor-version":[{"id":2410,"href":"https:\/\/blogs.correiobraziliense.com.br\/vicente\/wp-json\/wp\/v2\/posts\/2408\/revisions\/2410"}],"wp:attachment":[{"href":"https:\/\/blogs.correiobraziliense.com.br\/vicente\/wp-json\/wp\/v2\/media?parent=2408"}],"wp:term":[{"taxonomy":"category","embeddable":true,"href":"https:\/\/blogs.correiobraziliense.com.br\/vicente\/wp-json\/wp\/v2\/categories?post=2408"},{"taxonomy":"post_tag","embeddable":true,"href":"https:\/\/blogs.correiobraziliense.com.br\/vicente\/wp-json\/wp\/v2\/tags?post=2408"}],"curies":[{"name":"wp","href":"https:\/\/api.w.org\/{rel}","templated":true}]}}