{"id":2364,"date":"2016-08-01T21:16:59","date_gmt":"2016-08-02T00:16:59","guid":{"rendered":"https:\/\/blogs.correiobraziliense.com.br\/vicente\/?p=2364"},"modified":"2016-08-02T23:15:29","modified_gmt":"2016-08-03T02:15:29","slug":"meirelles-diz-que-aumento-de-imposto-sera-decidido-ate-o-fim-do-mes","status":"publish","type":"post","link":"https:\/\/blogs.correiobraziliense.com.br\/vicente\/meirelles-diz-que-aumento-de-imposto-sera-decidido-ate-o-fim-do-mes\/","title":{"rendered":"Meirelles diz que aumento de imposto ser\u00e1 decidido at\u00e9 o fim do m\u00eas"},"content":{"rendered":"<p>O governo decidir\u00e1 at\u00e9 o fim do m\u00eas se aumentar\u00e1 impostos para fechar as contas, admite o ministro da Fazenda, Henrique Meirelles. Segundo ele, tudo depender\u00e1 do comportamento da arrecada\u00e7\u00e3o, que est\u00e1 muito fraca. &#8220;Ainda est\u00e1 prematuro para tomarmos essa decis\u00e3o, mas, \u00e0 medida que a economia for melhorando, espera-se que haja uma recupera\u00e7\u00e3o da arrecada\u00e7\u00e3o&#8221;, afirma.<\/p>\n<p>&nbsp;<\/p>\n<p>Por lei, o governo tem que fechar a proposta de Or\u00e7amento da Uni\u00e3o de 2017 at\u00e9 o fim de agosto. Por isso, \u00e9 preciso saber ao certo como estar\u00e3o as receitas no ano que vem. A promessa do ministro \u00e9 de que o rombo nas contas p\u00fablicas n\u00e3o ultrapasse os R$ 139 bilh\u00f5es. Mas ainda h\u00e1 muitas d\u00favidas, pois a arrecada\u00e7\u00e3o, em vez de melhorar, est\u00e1 piorando. A sa\u00edda poder\u00e1 ser a eleva\u00e7\u00e3o de tributos.<\/p>\n<p>&nbsp;<\/p>\n<p>Segundo a Lei de Diretrizes Or\u00e7ament\u00e1rias (LDO) de 2017, o governo espera arrecadar R$ 55 bilh\u00f5es extras com privatiza\u00e7\u00f5es e concess\u00f5es. Mas essas receitas ainda s\u00e3o apenas promessas. Na avalia\u00e7\u00e3o de Meirelles, se tais opera\u00e7\u00f5es se concretizarem, n\u00e3o ser\u00e1 preciso aumentar tributos. &#8220;Essa \u00e9 a melhor op\u00e7\u00e3o&#8221;, destaca.<\/p>\n<p>&nbsp;<\/p>\n<p>O ministro sabe, contudo, que nem mesmo os R$ 55 bilh\u00f5es ser\u00e3o suficientes para diminuir o rombo nas contas se n\u00e3o houver a reforma da Previd\u00eancia. &#8220;(A reforma) \u00e9 muito importante, juntamente com a mudan\u00e7a dos crit\u00e9rios de indexa\u00e7\u00e3o das despesas de educa\u00e7\u00e3o e sa\u00fade, para tornar vi\u00e1vel o efeito do teto dos gastos&#8221;, afirma.<\/p>\n<p>&nbsp;<\/p>\n<p>&nbsp;<\/p>\n","protected":false},"excerpt":{"rendered":"<p>O governo decidir\u00e1 at\u00e9 o fim do m\u00eas se aumentar\u00e1 impostos para fechar as contas, admite o ministro da Fazenda, Henrique Meirelles. Segundo ele, tudo depender\u00e1 do comportamento da arrecada\u00e7\u00e3o, que est\u00e1 muito fraca. &#8220;Ainda est\u00e1 prematuro para tomarmos essa decis\u00e3o, mas, \u00e0 medida que a economia for melhorando, espera-se que haja uma recupera\u00e7\u00e3o da [&hellip;]<\/p>\n","protected":false},"author":22,"featured_media":0,"comment_status":"open","ping_status":"closed","sticky":false,"template":"","format":"standard","meta":{"footnotes":""},"categories":[600],"tags":[],"class_list":["post-2364","post","type-post","status-publish","format-standard","hentry","category-economia"],"_links":{"self":[{"href":"https:\/\/blogs.correiobraziliense.com.br\/vicente\/wp-json\/wp\/v2\/posts\/2364","targetHints":{"allow":["GET"]}}],"collection":[{"href":"https:\/\/blogs.correiobraziliense.com.br\/vicente\/wp-json\/wp\/v2\/posts"}],"about":[{"href":"https:\/\/blogs.correiobraziliense.com.br\/vicente\/wp-json\/wp\/v2\/types\/post"}],"author":[{"embeddable":true,"href":"https:\/\/blogs.correiobraziliense.com.br\/vicente\/wp-json\/wp\/v2\/users\/22"}],"replies":[{"embeddable":true,"href":"https:\/\/blogs.correiobraziliense.com.br\/vicente\/wp-json\/wp\/v2\/comments?post=2364"}],"version-history":[{"count":13,"href":"https:\/\/blogs.correiobraziliense.com.br\/vicente\/wp-json\/wp\/v2\/posts\/2364\/revisions"}],"predecessor-version":[{"id":2405,"href":"https:\/\/blogs.correiobraziliense.com.br\/vicente\/wp-json\/wp\/v2\/posts\/2364\/revisions\/2405"}],"wp:attachment":[{"href":"https:\/\/blogs.correiobraziliense.com.br\/vicente\/wp-json\/wp\/v2\/media?parent=2364"}],"wp:term":[{"taxonomy":"category","embeddable":true,"href":"https:\/\/blogs.correiobraziliense.com.br\/vicente\/wp-json\/wp\/v2\/categories?post=2364"},{"taxonomy":"post_tag","embeddable":true,"href":"https:\/\/blogs.correiobraziliense.com.br\/vicente\/wp-json\/wp\/v2\/tags?post=2364"}],"curies":[{"name":"wp","href":"https:\/\/api.w.org\/{rel}","templated":true}]}}