{"id":2360,"date":"2016-08-01T18:05:07","date_gmt":"2016-08-01T21:05:07","guid":{"rendered":"https:\/\/blogs.correiobraziliense.com.br\/vicente\/?p=2360"},"modified":"2016-08-01T18:26:06","modified_gmt":"2016-08-01T21:26:06","slug":"militares-pedem-cautela-ao-governo-sobre-reforma-do-sistema-previdenciario","status":"publish","type":"post","link":"https:\/\/blogs.correiobraziliense.com.br\/vicente\/militares-pedem-cautela-ao-governo-sobre-reforma-do-sistema-previdenciario\/","title":{"rendered":"Militares pedem cautela ao governo sobre reforma do sistema previdenci\u00e1rio"},"content":{"rendered":"<p>C\u00c9LIA PERRONE<\/p>\n<p>&nbsp;<\/p>\n<p>Na primeira reuni\u00e3o com o secret\u00e1rio de Previd\u00eancia do Minist\u00e9rio da Fazenda, Marcelo Caetano, os militares procuraram manter o clima de cordialidade, mas pediram cautela ao governo sobre a reforma do sistema previdenci\u00e1rio. A meta do Pal\u00e1cio do Planalto \u00e9 criar um regime \u00fanico que englobe trabalhadores da iniciativa privada, militares, servidores p\u00fablicos, professores e policiais. N\u00e3o ser\u00e1 uma tarefa trivial.<\/p>\n<p>&nbsp;<\/p>\n<p>A expectativa dos militares \u00e9 de que as mudan\u00e7as sejam as menores poss\u00edveis, preservem conquistas e garantam remunera\u00e7\u00e3o condizente com a atividade quando a aposentadoria chegar. As d\u00favidas s\u00e3o muitas. Marcelo Caetano garantiu que tudo ser\u00e1 discutido amplamente, assegurou que n\u00e3o h\u00e1 motivo para alarde e que, por enquanto, tudo s\u00e3o propostas.<\/p>\n<p>&nbsp;<\/p>\n<p>Outras conversas devem ser agendadas. At\u00e9 porque a caserna est\u00e1 ouri\u00e7ada. H\u00e1 mais de uma semana que n\u00e3o se fala em outra coisa que n\u00e3o seja a proposta de reforma da Previd\u00eancia.<\/p>\n<p>&nbsp;<\/p>\n<p><em>Bras\u00edlia, 18h05min<\/em><\/p>\n","protected":false},"excerpt":{"rendered":"<p>C\u00c9LIA PERRONE &nbsp; Na primeira reuni\u00e3o com o secret\u00e1rio de Previd\u00eancia do Minist\u00e9rio da Fazenda, Marcelo Caetano, os militares procuraram manter o clima de cordialidade, mas pediram cautela ao governo sobre a reforma do sistema previdenci\u00e1rio. A meta do Pal\u00e1cio do Planalto \u00e9 criar um regime \u00fanico que englobe trabalhadores da iniciativa privada, militares, servidores [&hellip;]<\/p>\n","protected":false},"author":22,"featured_media":0,"comment_status":"open","ping_status":"closed","sticky":false,"template":"","format":"standard","meta":{"footnotes":""},"categories":[600],"tags":[],"class_list":["post-2360","post","type-post","status-publish","format-standard","hentry","category-economia"],"_links":{"self":[{"href":"https:\/\/blogs.correiobraziliense.com.br\/vicente\/wp-json\/wp\/v2\/posts\/2360","targetHints":{"allow":["GET"]}}],"collection":[{"href":"https:\/\/blogs.correiobraziliense.com.br\/vicente\/wp-json\/wp\/v2\/posts"}],"about":[{"href":"https:\/\/blogs.correiobraziliense.com.br\/vicente\/wp-json\/wp\/v2\/types\/post"}],"author":[{"embeddable":true,"href":"https:\/\/blogs.correiobraziliense.com.br\/vicente\/wp-json\/wp\/v2\/users\/22"}],"replies":[{"embeddable":true,"href":"https:\/\/blogs.correiobraziliense.com.br\/vicente\/wp-json\/wp\/v2\/comments?post=2360"}],"version-history":[{"count":3,"href":"https:\/\/blogs.correiobraziliense.com.br\/vicente\/wp-json\/wp\/v2\/posts\/2360\/revisions"}],"predecessor-version":[{"id":2363,"href":"https:\/\/blogs.correiobraziliense.com.br\/vicente\/wp-json\/wp\/v2\/posts\/2360\/revisions\/2363"}],"wp:attachment":[{"href":"https:\/\/blogs.correiobraziliense.com.br\/vicente\/wp-json\/wp\/v2\/media?parent=2360"}],"wp:term":[{"taxonomy":"category","embeddable":true,"href":"https:\/\/blogs.correiobraziliense.com.br\/vicente\/wp-json\/wp\/v2\/categories?post=2360"},{"taxonomy":"post_tag","embeddable":true,"href":"https:\/\/blogs.correiobraziliense.com.br\/vicente\/wp-json\/wp\/v2\/tags?post=2360"}],"curies":[{"name":"wp","href":"https:\/\/api.w.org\/{rel}","templated":true}]}}