{"id":2358,"date":"2016-08-01T14:30:52","date_gmt":"2016-08-01T17:30:52","guid":{"rendered":"https:\/\/blogs.correiobraziliense.com.br\/vicente\/?p=2358"},"modified":"2016-08-01T15:41:36","modified_gmt":"2016-08-01T18:41:36","slug":"dyogo-oliveira-esta-com-os-dias-contados-no-planejamento-dizem-assessores-de-temer","status":"publish","type":"post","link":"https:\/\/blogs.correiobraziliense.com.br\/vicente\/dyogo-oliveira-esta-com-os-dias-contados-no-planejamento-dizem-assessores-de-temer\/","title":{"rendered":"Dyogo Oliveira est\u00e1 com os dias contados no Planejamento, dizem assessores de Temer"},"content":{"rendered":"<p>Gente gra\u00fada do Pal\u00e1cio do Planalto garante que o presidente interino, Michel Temer, far\u00e1 mudan\u00e7as na c\u00fapula de v\u00e1rios minist\u00e9rios t\u00e3o logo o impeachment definitivo de Dilma Rousseff seja aprovado. As trocas come\u00e7ar\u00e3o pelo Planejamento, com a substitui\u00e7\u00e3o de Dyogo Oliveira, hoje ministro interino.<\/p>\n<p>&nbsp;<\/p>\n<p>Temer reconhece que o t\u00e9cnico que substituiu Romero Juc\u00e1 no Planejamento \u00e9 um \u00f3timo sujeito, mas n\u00e3o tem a envergadura pol\u00edtica para o cargo, sobretudo diante da musculatura adquirida por Henrique Meirelles, que levar\u00e1 para o Minist\u00e9rio da Fazenda a Secretaria de Or\u00e7amento Federal.<\/p>\n<p>&nbsp;<\/p>\n<p>Oliveira, por\u00e9m, ter\u00e1 a op\u00e7\u00e3o de escolher se ficar\u00e1 como secret\u00e1rio executivo do Planejamento, sua fun\u00e7\u00e3o original no in\u00edcio do governo, ou preferir\u00e1 um outro posto. Temer considera que o ministro interino tem feito um bom trabalho, mesmo sendo atropelado, muitas vezes, por Meirelles. O peemedebista, como dizem seus auxiliares, sabe muito bem o que \u00e9 ser interino.<\/p>\n<p>&nbsp;<\/p>\n<p><em>Bras\u00edlia, 14h30min<\/em><\/p>\n","protected":false},"excerpt":{"rendered":"<p>Gente gra\u00fada do Pal\u00e1cio do Planalto garante que o presidente interino, Michel Temer, far\u00e1 mudan\u00e7as na c\u00fapula de v\u00e1rios minist\u00e9rios t\u00e3o logo o impeachment definitivo de Dilma Rousseff seja aprovado. As trocas come\u00e7ar\u00e3o pelo Planejamento, com a substitui\u00e7\u00e3o de Dyogo Oliveira, hoje ministro interino. &nbsp; Temer reconhece que o t\u00e9cnico que substituiu Romero Juc\u00e1 no [&hellip;]<\/p>\n","protected":false},"author":22,"featured_media":0,"comment_status":"open","ping_status":"closed","sticky":false,"template":"","format":"standard","meta":{"footnotes":""},"categories":[600],"tags":[84,21,111,847,848],"class_list":["post-2358","post","type-post","status-publish","format-standard","hentry","category-economia","tag-dyogo-oliveira","tag-henrique-meirelles","tag-michel-temer","tag-planejamento","tag-troca"],"_links":{"self":[{"href":"https:\/\/blogs.correiobraziliense.com.br\/vicente\/wp-json\/wp\/v2\/posts\/2358","targetHints":{"allow":["GET"]}}],"collection":[{"href":"https:\/\/blogs.correiobraziliense.com.br\/vicente\/wp-json\/wp\/v2\/posts"}],"about":[{"href":"https:\/\/blogs.correiobraziliense.com.br\/vicente\/wp-json\/wp\/v2\/types\/post"}],"author":[{"embeddable":true,"href":"https:\/\/blogs.correiobraziliense.com.br\/vicente\/wp-json\/wp\/v2\/users\/22"}],"replies":[{"embeddable":true,"href":"https:\/\/blogs.correiobraziliense.com.br\/vicente\/wp-json\/wp\/v2\/comments?post=2358"}],"version-history":[{"count":1,"href":"https:\/\/blogs.correiobraziliense.com.br\/vicente\/wp-json\/wp\/v2\/posts\/2358\/revisions"}],"predecessor-version":[{"id":2359,"href":"https:\/\/blogs.correiobraziliense.com.br\/vicente\/wp-json\/wp\/v2\/posts\/2358\/revisions\/2359"}],"wp:attachment":[{"href":"https:\/\/blogs.correiobraziliense.com.br\/vicente\/wp-json\/wp\/v2\/media?parent=2358"}],"wp:term":[{"taxonomy":"category","embeddable":true,"href":"https:\/\/blogs.correiobraziliense.com.br\/vicente\/wp-json\/wp\/v2\/categories?post=2358"},{"taxonomy":"post_tag","embeddable":true,"href":"https:\/\/blogs.correiobraziliense.com.br\/vicente\/wp-json\/wp\/v2\/tags?post=2358"}],"curies":[{"name":"wp","href":"https:\/\/api.w.org\/{rel}","templated":true}]}}