{"id":2354,"date":"2016-08-01T12:30:24","date_gmt":"2016-08-01T15:30:24","guid":{"rendered":"https:\/\/blogs.correiobraziliense.com.br\/vicente\/?p=2354"},"modified":"2016-08-01T13:05:09","modified_gmt":"2016-08-01T16:05:09","slug":"para-homem-para-rico-do-pais-jovens-devem-se-engajar-na-politica-sem-os-vicios-de-hoje","status":"publish","type":"post","link":"https:\/\/blogs.correiobraziliense.com.br\/vicente\/para-homem-para-rico-do-pais-jovens-devem-se-engajar-na-politica-sem-os-vicios-de-hoje\/","title":{"rendered":"Para homem para rico do pa\u00eds, jovens devem se engajar na pol\u00edtica sem os v\u00edcios de hoje"},"content":{"rendered":"<p>O empres\u00e1rio Jorge Paulo Lemann, homem mais rico do Brasil, dono da Anheuser-Busch Inbev e do Burger King, diz que os jovens brasileiros devem aproveitar o atual momento, em que est\u00e1 havendo uma limpeza na pol\u00edtica, para se engajarem na constru\u00e7\u00e3o de um pa\u00eds melhor. Ele ressalta que os jovens devem privilegiar a meritocracia, o pragmatismo e a efici\u00eancia. &#8220;Estamos diante de uma grande oportunidade para que os jovens ingressem na pol\u00edtica&#8221;, frisa.<\/p>\n<p>&nbsp;<\/p>\n<p>Lemann afirma que o sonho dele \u00e9 que um ex-aluno da Funda\u00e7\u00e3o Estudar, que completou 25 anos, e da qual ele \u00e9 o grande patrocinador, se torne presidente da Rep\u00fablica. Na vis\u00e3o dele, o ideal para o pa\u00eds, que est\u00e1 assombrado pela corrup\u00e7\u00e3o desvendada pela Opera\u00e7\u00e3o Lava-Jato, \u00e9 que a cadeira mais importante da Rep\u00fablica seja ocupada por uma pessoa totalmente livre dos v\u00edcios que nos envergonham. Esse ex-aluno poderia levar para o governo, segundo ele, um &#8220;bando de ex-bolsistas para ajudar a melhorar o Brasil&#8221;.<\/p>\n<p>&nbsp;<\/p>\n<p>O executivo ressalta que, durante toda a sua vida, fugiu da pol\u00edtica. &#8220;Passei a vida toda fugindo de pol\u00edtica, mas acho isso errado. Os jovens que t\u00eam voca\u00e7\u00e3o t\u00eam que agarrar a oportunidade. \u00c9 isso que far\u00e1 a diferen\u00e7a no Brasil\u201d, assinala. Ele criou a Funda\u00e7\u00e3o Estudar com seus s\u00f3cios Marcel Telles e Beto Sicupira.<\/p>\n<p>&nbsp;<\/p>\n<p><em>Bras\u00edlia, 12h30min<\/em><\/p>\n","protected":false},"excerpt":{"rendered":"<p>O empres\u00e1rio Jorge Paulo Lemann, homem mais rico do Brasil, dono da Anheuser-Busch Inbev e do Burger King, diz que os jovens brasileiros devem aproveitar o atual momento, em que est\u00e1 havendo uma limpeza na pol\u00edtica, para se engajarem na constru\u00e7\u00e3o de um pa\u00eds melhor. Ele ressalta que os jovens devem privilegiar a meritocracia, o [&hellip;]<\/p>\n","protected":false},"author":22,"featured_media":0,"comment_status":"open","ping_status":"closed","sticky":false,"template":"","format":"standard","meta":{"footnotes":""},"categories":[600],"tags":[],"class_list":["post-2354","post","type-post","status-publish","format-standard","hentry","category-economia"],"_links":{"self":[{"href":"https:\/\/blogs.correiobraziliense.com.br\/vicente\/wp-json\/wp\/v2\/posts\/2354","targetHints":{"allow":["GET"]}}],"collection":[{"href":"https:\/\/blogs.correiobraziliense.com.br\/vicente\/wp-json\/wp\/v2\/posts"}],"about":[{"href":"https:\/\/blogs.correiobraziliense.com.br\/vicente\/wp-json\/wp\/v2\/types\/post"}],"author":[{"embeddable":true,"href":"https:\/\/blogs.correiobraziliense.com.br\/vicente\/wp-json\/wp\/v2\/users\/22"}],"replies":[{"embeddable":true,"href":"https:\/\/blogs.correiobraziliense.com.br\/vicente\/wp-json\/wp\/v2\/comments?post=2354"}],"version-history":[{"count":1,"href":"https:\/\/blogs.correiobraziliense.com.br\/vicente\/wp-json\/wp\/v2\/posts\/2354\/revisions"}],"predecessor-version":[{"id":2356,"href":"https:\/\/blogs.correiobraziliense.com.br\/vicente\/wp-json\/wp\/v2\/posts\/2354\/revisions\/2356"}],"wp:attachment":[{"href":"https:\/\/blogs.correiobraziliense.com.br\/vicente\/wp-json\/wp\/v2\/media?parent=2354"}],"wp:term":[{"taxonomy":"category","embeddable":true,"href":"https:\/\/blogs.correiobraziliense.com.br\/vicente\/wp-json\/wp\/v2\/categories?post=2354"},{"taxonomy":"post_tag","embeddable":true,"href":"https:\/\/blogs.correiobraziliense.com.br\/vicente\/wp-json\/wp\/v2\/tags?post=2354"}],"curies":[{"name":"wp","href":"https:\/\/api.w.org\/{rel}","templated":true}]}}