{"id":2353,"date":"2016-08-01T13:05:29","date_gmt":"2016-08-01T16:05:29","guid":{"rendered":"https:\/\/blogs.correiobraziliense.com.br\/vicente\/?p=2353"},"modified":"2016-08-01T13:15:28","modified_gmt":"2016-08-01T16:15:28","slug":"independencia-maior-na-policia-civil","status":"publish","type":"post","link":"https:\/\/blogs.correiobraziliense.com.br\/vicente\/independencia-maior-na-policia-civil\/","title":{"rendered":"Independ\u00eancia maior na Pol\u00edcia Civil"},"content":{"rendered":"<p>POR ANTONIO TEM\u00d3TEO<\/p>\n<p>&nbsp;<\/p>\n<p>Agentes de pol\u00edcia, agentes de cust\u00f3dia e escriv\u00e3es da Pol\u00edcia Civil do Distrito Federal t\u00eam, agora, garantido na Lei Org\u00e2nica da capital do pa\u00eds a independ\u00eancia funcional na elabora\u00e7\u00e3o dos atos legais.\u00a0A C\u00e2mara Legislativa sancionou, em 28 de julho, a emenda que trata do assunto. Essa garantia j\u00e1 valia para delegados, peritos, m\u00e9dicos legistas e papiloscopistas. Os policiais reclamavam que, antes da lei, havia brecha para que os superiores alterassem uma s\u00e9rie de documentos por iniciativa pr\u00f3pria, inclusive inqu\u00e9ritos.<\/p>\n<p>&nbsp;<\/p>\n<p>A proposta chegou ao Legislativo por meio da Associa\u00e7\u00e3o dos Agentes Policiais de Cust\u00f3dia (AAPC). O projeto sancionado determina ainda que a Pol\u00edcia Civil fa\u00e7a, anualmente, concurso interno de remo\u00e7\u00e3o de servidores quando o n\u00famero de interessados for superior ao de vagas. O processo deve abranger todas as unidades e se\u00e7\u00f5es da corpora\u00e7\u00e3o. A categoria destaca que os agentes que questionavam os superiores por mudan\u00e7as nos relat\u00f3rios eram transferidos para outras unidades, sem qualquer justificativa plaus\u00edvel.<\/p>\n<p>&nbsp;<\/p>\n<p>Para os policiais, a lei \u00e9 um avan\u00e7o, por igualar os servidores. Agora, todos ganham maior autonomia para desempenhar suas fun\u00e7\u00f5es, sem a preocupa\u00e7\u00e3o de serem repreendidos por contrariarem interesses. Nos \u00faltimos anos, as interfer\u00eancias no trabalho de agentes foi muito comum.<\/p>\n<p>&nbsp;<\/p>\n<p><em>Bras\u00edlia, 13h05min<\/em><\/p>\n","protected":false},"excerpt":{"rendered":"<p>POR ANTONIO TEM\u00d3TEO &nbsp; Agentes de pol\u00edcia, agentes de cust\u00f3dia e escriv\u00e3es da Pol\u00edcia Civil do Distrito Federal t\u00eam, agora, garantido na Lei Org\u00e2nica da capital do pa\u00eds a independ\u00eancia funcional na elabora\u00e7\u00e3o dos atos legais.\u00a0A C\u00e2mara Legislativa sancionou, em 28 de julho, a emenda que trata do assunto. Essa garantia j\u00e1 valia para delegados, [&hellip;]<\/p>\n","protected":false},"author":22,"featured_media":0,"comment_status":"open","ping_status":"closed","sticky":false,"template":"","format":"standard","meta":{"footnotes":""},"categories":[600],"tags":[],"class_list":["post-2353","post","type-post","status-publish","format-standard","hentry","category-economia"],"_links":{"self":[{"href":"https:\/\/blogs.correiobraziliense.com.br\/vicente\/wp-json\/wp\/v2\/posts\/2353","targetHints":{"allow":["GET"]}}],"collection":[{"href":"https:\/\/blogs.correiobraziliense.com.br\/vicente\/wp-json\/wp\/v2\/posts"}],"about":[{"href":"https:\/\/blogs.correiobraziliense.com.br\/vicente\/wp-json\/wp\/v2\/types\/post"}],"author":[{"embeddable":true,"href":"https:\/\/blogs.correiobraziliense.com.br\/vicente\/wp-json\/wp\/v2\/users\/22"}],"replies":[{"embeddable":true,"href":"https:\/\/blogs.correiobraziliense.com.br\/vicente\/wp-json\/wp\/v2\/comments?post=2353"}],"version-history":[{"count":2,"href":"https:\/\/blogs.correiobraziliense.com.br\/vicente\/wp-json\/wp\/v2\/posts\/2353\/revisions"}],"predecessor-version":[{"id":2357,"href":"https:\/\/blogs.correiobraziliense.com.br\/vicente\/wp-json\/wp\/v2\/posts\/2353\/revisions\/2357"}],"wp:attachment":[{"href":"https:\/\/blogs.correiobraziliense.com.br\/vicente\/wp-json\/wp\/v2\/media?parent=2353"}],"wp:term":[{"taxonomy":"category","embeddable":true,"href":"https:\/\/blogs.correiobraziliense.com.br\/vicente\/wp-json\/wp\/v2\/categories?post=2353"},{"taxonomy":"post_tag","embeddable":true,"href":"https:\/\/blogs.correiobraziliense.com.br\/vicente\/wp-json\/wp\/v2\/tags?post=2353"}],"curies":[{"name":"wp","href":"https:\/\/api.w.org\/{rel}","templated":true}]}}