{"id":2310,"date":"2016-07-29T09:17:38","date_gmt":"2016-07-29T12:17:38","guid":{"rendered":"https:\/\/blogs.correiobraziliense.com.br\/vicente\/?p=2310"},"modified":"2016-07-29T11:21:43","modified_gmt":"2016-07-29T14:21:43","slug":"desemprego-bate-recorde-e-vai-113-ibge-diz-que-116-milhoes-estao-sem-trabalho","status":"publish","type":"post","link":"https:\/\/blogs.correiobraziliense.com.br\/vicente\/desemprego-bate-recorde-e-vai-113-ibge-diz-que-116-milhoes-estao-sem-trabalho\/","title":{"rendered":"Desemprego bate recorde e vai a 11,3%. IBGE diz que 11,6 milh\u00f5es est\u00e3o sem trabalho"},"content":{"rendered":"<p>O governo insiste que a economia j\u00e1 come\u00e7a a dar sinais de recupera\u00e7\u00e3o, mas o desemprego n\u00e3o d\u00e1 tr\u00e9gua. Segundo o Instituto Brasileiro de Geografia e Estat\u00edstica ( IBGE), a taxa de desocupa\u00e7\u00e3o bateu novo recorde e atingiu 11,3% no trimestre encerrado em junho.<\/p>\n<p>&nbsp;<\/p>\n<p>Pelos c\u00e1lculos do IBGE, 11,6 milh\u00f5es de brasileiros est\u00e3o sem trabalho. E aqueles que continuam no mercado veem a renda cair. O sal\u00e1rio m\u00e9dio, em junho, ficou em R$ 1.972, com queda de 4,2% em rela\u00e7\u00e3o a junho do ano passado, mostra a Pnad Cont\u00ednua.<\/p>\n<p>&nbsp;<\/p>\n<p>Para especialistas, n\u00e3o h\u00e1 perspectiva de recupera\u00e7\u00e3o t\u00e3o cedo para o mercado de trabalho. Antes de come\u00e7arem a contratar, quando a economia voltar a crescer, as empresas tender\u00e3o a usar a capacidade ociosa e a priorizar a m\u00e3o de obra j\u00e1 empregada.<\/p>\n<p>&nbsp;<\/p>\n<p>Com o desemprego se acelerando, o consumo das fam\u00edlias, um dos principais motores da economia, continuar\u00e1 em retra\u00e7\u00e3o. Na opini\u00e3o de Newton Rosa, economista-chefe da Sul Am\u00e9rica Investimentos, no m\u00e1ximo, o Produto Interno Bruto (PIB) crescer\u00e1 entre 0,5% e 1% em 2017. E nada garante que a recupera\u00e7\u00e3o, depois de dois de recess\u00e3o, ser\u00e1 sustentada.<\/p>\n<p>&nbsp;<\/p>\n<p><i>Bras\u00edlia, 09h17min<\/i><\/p>\n","protected":false},"excerpt":{"rendered":"<p>O governo insiste que a economia j\u00e1 come\u00e7a a dar sinais de recupera\u00e7\u00e3o, mas o desemprego n\u00e3o d\u00e1 tr\u00e9gua. Segundo o Instituto Brasileiro de Geografia e Estat\u00edstica ( IBGE), a taxa de desocupa\u00e7\u00e3o bateu novo recorde e atingiu 11,3% no trimestre encerrado em junho. &nbsp; Pelos c\u00e1lculos do IBGE, 11,6 milh\u00f5es de brasileiros est\u00e3o sem [&hellip;]<\/p>\n","protected":false},"author":22,"featured_media":0,"comment_status":"open","ping_status":"closed","sticky":false,"template":"","format":"standard","meta":{"footnotes":""},"categories":[600],"tags":[826,827,828,71,829,825,181],"class_list":["post-2310","post","type-post","status-publish","format-standard","hentry","category-economia","tag-826","tag-827","tag-6-milhoes-de-desempregado","tag-desemprego","tag-junho","tag-pnad-continua","tag-recorde"],"_links":{"self":[{"href":"https:\/\/blogs.correiobraziliense.com.br\/vicente\/wp-json\/wp\/v2\/posts\/2310","targetHints":{"allow":["GET"]}}],"collection":[{"href":"https:\/\/blogs.correiobraziliense.com.br\/vicente\/wp-json\/wp\/v2\/posts"}],"about":[{"href":"https:\/\/blogs.correiobraziliense.com.br\/vicente\/wp-json\/wp\/v2\/types\/post"}],"author":[{"embeddable":true,"href":"https:\/\/blogs.correiobraziliense.com.br\/vicente\/wp-json\/wp\/v2\/users\/22"}],"replies":[{"embeddable":true,"href":"https:\/\/blogs.correiobraziliense.com.br\/vicente\/wp-json\/wp\/v2\/comments?post=2310"}],"version-history":[{"count":5,"href":"https:\/\/blogs.correiobraziliense.com.br\/vicente\/wp-json\/wp\/v2\/posts\/2310\/revisions"}],"predecessor-version":[{"id":2315,"href":"https:\/\/blogs.correiobraziliense.com.br\/vicente\/wp-json\/wp\/v2\/posts\/2310\/revisions\/2315"}],"wp:attachment":[{"href":"https:\/\/blogs.correiobraziliense.com.br\/vicente\/wp-json\/wp\/v2\/media?parent=2310"}],"wp:term":[{"taxonomy":"category","embeddable":true,"href":"https:\/\/blogs.correiobraziliense.com.br\/vicente\/wp-json\/wp\/v2\/categories?post=2310"},{"taxonomy":"post_tag","embeddable":true,"href":"https:\/\/blogs.correiobraziliense.com.br\/vicente\/wp-json\/wp\/v2\/tags?post=2310"}],"curies":[{"name":"wp","href":"https:\/\/api.w.org\/{rel}","templated":true}]}}