{"id":2302,"date":"2016-07-28T21:15:16","date_gmt":"2016-07-29T00:15:16","guid":{"rendered":"https:\/\/blogs.correiobraziliense.com.br\/vicente\/?p=2302"},"modified":"2016-07-28T22:04:10","modified_gmt":"2016-07-29T01:04:10","slug":"mulher-de-persio-arida-pode-reforcar-time-de-meirelles-ao-assumir-secretaria-de-orcamento","status":"publish","type":"post","link":"https:\/\/blogs.correiobraziliense.com.br\/vicente\/mulher-de-persio-arida-pode-reforcar-time-de-meirelles-ao-assumir-secretaria-de-orcamento\/","title":{"rendered":"Mulher de P\u00e9rsio Arida pode refor\u00e7ar time de Meirelles ao assumir Secretaria de Or\u00e7amento"},"content":{"rendered":"<p>VERA BATISTA<\/p>\n<p>&nbsp;<\/p>\n<p>O ministro da Fazenda, Henrique Meirelles, j\u00e1 definiu quem ocupar\u00e1 a Secret\u00e1ria de Or\u00e7amento Federal, que ser\u00e1 transferida do Planejamento para a pasta dele. Ser\u00e1 Ana Carla Abr\u00e3o, secret\u00e1ria de Fazenda de Goi\u00e1s. Ela \u00e9 mulher do economista P\u00e9rsio Arida, um dos principais acionistas do Banco BTG Pactual, e filha da senadora L\u00facia V\u00e2nia, do PSB.<\/p>\n<p>&nbsp;<\/p>\n<p>Ana Carla \u00e9 considerada, com a atual secret\u00e1ria do Tesouro Nacional, Ana Paula Vescovi, uma das principais expoentes da nova gera\u00e7\u00e3o de economistas. As duas Anas ficaram muito pr\u00f3ximas nos \u00faltimos anos. At\u00e9 se juntar ao time de Meirelles, Ana Paula era secret\u00e1ria de Fazenda do Esp\u00edrito Santo.<\/p>\n","protected":false},"excerpt":{"rendered":"<p>VERA BATISTA &nbsp; O ministro da Fazenda, Henrique Meirelles, j\u00e1 definiu quem ocupar\u00e1 a Secret\u00e1ria de Or\u00e7amento Federal, que ser\u00e1 transferida do Planejamento para a pasta dele. Ser\u00e1 Ana Carla Abr\u00e3o, secret\u00e1ria de Fazenda de Goi\u00e1s. Ela \u00e9 mulher do economista P\u00e9rsio Arida, um dos principais acionistas do Banco BTG Pactual, e filha da senadora [&hellip;]<\/p>\n","protected":false},"author":22,"featured_media":0,"comment_status":"open","ping_status":"closed","sticky":false,"template":"","format":"standard","meta":{"footnotes":""},"categories":[600],"tags":[820,821,21,150,79,814,121],"class_list":["post-2302","post","type-post","status-publish","format-standard","hentry","category-economia","tag-ana-carla-abrao","tag-ana-paulo-vescovi","tag-henrique-meirelles","tag-ministerio-do-planejamento","tag-persio-arida","tag-secretaria-de-orcamento","tag-tesouro-nacional"],"_links":{"self":[{"href":"https:\/\/blogs.correiobraziliense.com.br\/vicente\/wp-json\/wp\/v2\/posts\/2302","targetHints":{"allow":["GET"]}}],"collection":[{"href":"https:\/\/blogs.correiobraziliense.com.br\/vicente\/wp-json\/wp\/v2\/posts"}],"about":[{"href":"https:\/\/blogs.correiobraziliense.com.br\/vicente\/wp-json\/wp\/v2\/types\/post"}],"author":[{"embeddable":true,"href":"https:\/\/blogs.correiobraziliense.com.br\/vicente\/wp-json\/wp\/v2\/users\/22"}],"replies":[{"embeddable":true,"href":"https:\/\/blogs.correiobraziliense.com.br\/vicente\/wp-json\/wp\/v2\/comments?post=2302"}],"version-history":[{"count":2,"href":"https:\/\/blogs.correiobraziliense.com.br\/vicente\/wp-json\/wp\/v2\/posts\/2302\/revisions"}],"predecessor-version":[{"id":2304,"href":"https:\/\/blogs.correiobraziliense.com.br\/vicente\/wp-json\/wp\/v2\/posts\/2302\/revisions\/2304"}],"wp:attachment":[{"href":"https:\/\/blogs.correiobraziliense.com.br\/vicente\/wp-json\/wp\/v2\/media?parent=2302"}],"wp:term":[{"taxonomy":"category","embeddable":true,"href":"https:\/\/blogs.correiobraziliense.com.br\/vicente\/wp-json\/wp\/v2\/categories?post=2302"},{"taxonomy":"post_tag","embeddable":true,"href":"https:\/\/blogs.correiobraziliense.com.br\/vicente\/wp-json\/wp\/v2\/tags?post=2302"}],"curies":[{"name":"wp","href":"https:\/\/api.w.org\/{rel}","templated":true}]}}