{"id":2282,"date":"2016-07-28T15:03:29","date_gmt":"2016-07-28T18:03:29","guid":{"rendered":"https:\/\/blogs.correiobraziliense.com.br\/vicente\/?p=2282"},"modified":"2016-07-28T16:20:38","modified_gmt":"2016-07-28T19:20:38","slug":"de-janeiro-junho-receita-reteve-r-506-bi-em-impostos-nos-contracheques-de-trabalhadores","status":"publish","type":"post","link":"https:\/\/blogs.correiobraziliense.com.br\/vicente\/de-janeiro-junho-receita-reteve-r-506-bi-em-impostos-nos-contracheques-de-trabalhadores\/","title":{"rendered":"De janeiro a junho, Receita reteve R$ 50,6 bi em impostos nos contracheques de trabalhadores"},"content":{"rendered":"<p>Apesar do forte desemprego que atormenta o pa\u00eds, os trabalhadores continuam irrigando os cofres da Receita Federal de forma expressiva. Entre janeiro e junho deste ano, o Imposto de Renda Retido na Fonte, isto \u00e9, o tributo da renda do trabalho, arrecadou R$ 50,6 bilh\u00f5es, ajudando a amenizar os problemas de caixa do governo.<\/p>\n<p>&nbsp;<\/p>\n<p>O volume \u00e9 5,3% menor do que o computado nos primeiros seis meses de 2015 (R$ 53,2 bilh\u00f5es). A queda, por\u00e9m, \u00e9 inferior ao tombo de 6,8% registrado no bolo total dos tributos. Segundo os especialistas, isso decorre de decis\u00e3o do governo de n\u00e3o corrigir a tabela do IR pela infla\u00e7\u00e3o. Com a defasagem, os trabalhadores pagam mais impostos para o governo nos contracheques.<\/p>\n<p>&nbsp;<\/p>\n<p>Pelo que dizem t\u00e9cnicos da equipe econ\u00f4mica, diante da pen\u00faria dos cofres do governo, dificilmente o presidente interino, Michel Temer, mudar\u00e1 a pol\u00edtica que prevaleceu nos \u00faltimos anos para a corre\u00e7\u00e3o da tabela do IR. Isso quer dizer que a atualiza\u00e7\u00e3o dos dados continuar\u00e1 sendo feita abaixo da infla\u00e7\u00e3o e os trabalhadores, repassando mais dinheiro para a Receita sem a contrapartida da melhora dos servi\u00e7os p\u00fablicos.<\/p>\n<p>&nbsp;<\/p>\n<p><em>Bras\u00edlia, 15h10min<\/em><\/p>\n","protected":false},"excerpt":{"rendered":"<p>Apesar do forte desemprego que atormenta o pa\u00eds, os trabalhadores continuam irrigando os cofres da Receita Federal de forma expressiva. Entre janeiro e junho deste ano, o Imposto de Renda Retido na Fonte, isto \u00e9, o tributo da renda do trabalho, arrecadou R$ 50,6 bilh\u00f5es, ajudando a amenizar os problemas de caixa do governo. &nbsp; [&hellip;]<\/p>\n","protected":false},"author":22,"featured_media":0,"comment_status":"open","ping_status":"closed","sticky":false,"template":"","format":"standard","meta":{"footnotes":""},"categories":[600],"tags":[813,809,811,808,14,812,810],"class_list":["post-2282","post","type-post","status-publish","format-standard","hentry","category-economia","tag-6-bilhoes","tag-contracheque","tag-defasagem","tag-imposto-de-renda","tag-inflacao","tag-r-50","tag-trabalhadores"],"_links":{"self":[{"href":"https:\/\/blogs.correiobraziliense.com.br\/vicente\/wp-json\/wp\/v2\/posts\/2282","targetHints":{"allow":["GET"]}}],"collection":[{"href":"https:\/\/blogs.correiobraziliense.com.br\/vicente\/wp-json\/wp\/v2\/posts"}],"about":[{"href":"https:\/\/blogs.correiobraziliense.com.br\/vicente\/wp-json\/wp\/v2\/types\/post"}],"author":[{"embeddable":true,"href":"https:\/\/blogs.correiobraziliense.com.br\/vicente\/wp-json\/wp\/v2\/users\/22"}],"replies":[{"embeddable":true,"href":"https:\/\/blogs.correiobraziliense.com.br\/vicente\/wp-json\/wp\/v2\/comments?post=2282"}],"version-history":[{"count":1,"href":"https:\/\/blogs.correiobraziliense.com.br\/vicente\/wp-json\/wp\/v2\/posts\/2282\/revisions"}],"predecessor-version":[{"id":2283,"href":"https:\/\/blogs.correiobraziliense.com.br\/vicente\/wp-json\/wp\/v2\/posts\/2282\/revisions\/2283"}],"wp:attachment":[{"href":"https:\/\/blogs.correiobraziliense.com.br\/vicente\/wp-json\/wp\/v2\/media?parent=2282"}],"wp:term":[{"taxonomy":"category","embeddable":true,"href":"https:\/\/blogs.correiobraziliense.com.br\/vicente\/wp-json\/wp\/v2\/categories?post=2282"},{"taxonomy":"post_tag","embeddable":true,"href":"https:\/\/blogs.correiobraziliense.com.br\/vicente\/wp-json\/wp\/v2\/tags?post=2282"}],"curies":[{"name":"wp","href":"https:\/\/api.w.org\/{rel}","templated":true}]}}