{"id":2274,"date":"2016-07-28T11:01:31","date_gmt":"2016-07-28T14:01:31","guid":{"rendered":"https:\/\/blogs.correiobraziliense.com.br\/vicente\/?p=2274"},"modified":"2016-07-28T18:06:30","modified_gmt":"2016-07-28T21:06:30","slug":"executivos-do-bradesco-sao-denunciados-pelo-mp-no-mesmo-dia-que-banco-mostra-queda-no-lucro","status":"publish","type":"post","link":"https:\/\/blogs.correiobraziliense.com.br\/vicente\/executivos-do-bradesco-sao-denunciados-pelo-mp-no-mesmo-dia-que-banco-mostra-queda-no-lucro\/","title":{"rendered":"Executivos do Bradesco s\u00e3o denunciados pelo MP no mesmo dia que banco mostra queda no lucro"},"content":{"rendered":"<p>A quinta-feira, 28, definitivamente n\u00e3o come\u00e7ou bem para o Bradesco. \u00a0No mesmo dia em que o banco anunciou queda de 7,6% nos lucros do segundo trimestre do ano, o presidente da institui\u00e7\u00e3o, Luiz Carlos Trabuco, o diretor de Rela\u00e7\u00f5es com Investidores,\u00a0Luiz Carlos Angelotti, e o vice-presidente, Domingos Figueiredo de Abreu foram denunciados pela Procuradoria da Rep\u00fablica no Distrito Federal no \u00e2mbito da Opera\u00e7\u00e3o Zelotes.<\/p>\n<p>&nbsp;<\/p>\n<p>No total, 10 pessoas, entre executivos do Bradesco, empres\u00e1rios, advogados e servidores da Receita Federal, s\u00e3o acusadas de supostas irregularidades cometidas no Conselho Administrativo de Recursos Fiscais (Carf). O objetivo era o banco se livrar de multas e cobran\u00e7as de tributos impostas pelo \u00f3rg\u00e3o.<\/p>\n<p>&nbsp;<\/p>\n<p>Nos tr\u00eas casos denunciados pelo Minist\u00e9rio P\u00fablico Federal, os valores que o Bradesco deixaria de pagar com o esquema criminoso, com preju\u00edzo para a Uni\u00e3o, somam R$ 4,36 bilh\u00f5es. S\u00e3o R$ 3 bilh\u00f5es do julgamento do Carf, R$ 360 milh\u00f5es de um pedido de compensa\u00e7\u00e3o de PIS\/Cofins, e R$ 1 bilh\u00e3o relativo a uma revis\u00e3o tribut\u00e1ria.<\/p>\n<p>&nbsp;<\/p>\n<p>O procurador da Rep\u00fablica do MPF do Distrito Federal Frederico Paiva explica que as rela\u00e7\u00f5es de neg\u00f3cios entre os executivos do Bradesco com os servidores e advogados que formam a organiza\u00e7\u00e3o criminosa chefiada pelo auditor fiscal Eduardo Cerqueira Leite ocorrem desde 2004. \u00a0&#8220;Temos emails, liga\u00e7\u00f5es telef\u00f4nicas interceptadas e diversas outras provas robustas que sustentam nossa den\u00fancia&#8221;, garante.<\/p>\n<p>&nbsp;<\/p>\n<p>Cid Carlos de Freitas, do Minist\u00e9rio da Fazenda, acrescenta que, ao longo das investiga\u00e7\u00f5es, foram apurados mais de 30 processos envolvendo Bradesco e a organiza\u00e7\u00e3o criminosa. &#8220;Essa \u00e9 uma primeira den\u00fancia, mas s\u00e3o mais de tr\u00eas dezenas de negocia\u00e7\u00f5es. Estamos investigando todas elas&#8221;, afirma Freitas.<\/p>\n<p>&nbsp;<\/p>\n<p>E o MPF n\u00e3o est\u00e1 de olho apenas no Bradesco. O procurador da Rep\u00fablica Herbert Mesquita alerta que mais den\u00fancias ser\u00e3o feitas ainda este ano, envolvendo outras institui\u00e7\u00f5es financeiras e empresas que usavam os servi\u00e7os da mesma organiza\u00e7\u00e3o chefiada pelo funcion\u00e1rio p\u00fablico Eduardo Cerqueira Leite. &#8220;Os criminosos ofereciam v\u00e1rios &#8216;produtos&#8217;. Em um deles, a propina estipulada chegou a R$ 30 milh\u00f5es&#8221;, detalha.<\/p>\n<p>&nbsp;<\/p>\n<p>No segundo trimestre do ano, o Bradesco registrou lucro de R$ 4,1 bilh\u00f5es. O resultado, que decepcionou os investidores, reflete o aumento de 41,5% nas reservas contra calotes, o equivalente. R$ 5 bilh\u00f5es entre abril e junho. As a\u00e7\u00f5es do banco est\u00e3o em queda. Pouco antes da hora do almo\u00e7o, 12h45, os pap\u00e9is ordin\u00e1rios (ON) caiam 3,35% e os preferenciais (PN), 4%.<\/p>\n<p>&nbsp;<\/p>\n<p>Em entrevista para divulgar o balan\u00e7o do Bradesco, o diretor de rela\u00e7\u00f5es com o mercado do banco, Carlos Firetti, disse que a institui\u00e7\u00e3o est\u00e1 confort\u00e1vel em rela\u00e7\u00e3o \u00e0 Opera\u00e7\u00e3o Zelotes. \u201cN\u00e3o temos mais nenhuma informa\u00e7\u00e3o a divulgar e estamos confort\u00e1veis com nossa posi\u00e7\u00e3o\u201d, frisou.<\/p>\n<p>&nbsp;<\/p>\n<p><em>Bras\u00edlia, 11h01min, atualizada \u00e0s 12h45min e \u00e0s 18h06min.<\/em><\/p>\n","protected":false},"excerpt":{"rendered":"<p>A quinta-feira, 28, definitivamente n\u00e3o come\u00e7ou bem para o Bradesco. \u00a0No mesmo dia em que o banco anunciou queda de 7,6% nos lucros do segundo trimestre do ano, o presidente da institui\u00e7\u00e3o, Luiz Carlos Trabuco, o diretor de Rela\u00e7\u00f5es com Investidores,\u00a0Luiz Carlos Angelotti, e o vice-presidente, Domingos Figueiredo de Abreu foram denunciados pela Procuradoria da [&hellip;]<\/p>\n","protected":false},"author":22,"featured_media":0,"comment_status":"open","ping_status":"closed","sticky":false,"template":"","format":"standard","meta":{"footnotes":""},"categories":[600],"tags":[],"class_list":["post-2274","post","type-post","status-publish","format-standard","hentry","category-economia"],"_links":{"self":[{"href":"https:\/\/blogs.correiobraziliense.com.br\/vicente\/wp-json\/wp\/v2\/posts\/2274","targetHints":{"allow":["GET"]}}],"collection":[{"href":"https:\/\/blogs.correiobraziliense.com.br\/vicente\/wp-json\/wp\/v2\/posts"}],"about":[{"href":"https:\/\/blogs.correiobraziliense.com.br\/vicente\/wp-json\/wp\/v2\/types\/post"}],"author":[{"embeddable":true,"href":"https:\/\/blogs.correiobraziliense.com.br\/vicente\/wp-json\/wp\/v2\/users\/22"}],"replies":[{"embeddable":true,"href":"https:\/\/blogs.correiobraziliense.com.br\/vicente\/wp-json\/wp\/v2\/comments?post=2274"}],"version-history":[{"count":13,"href":"https:\/\/blogs.correiobraziliense.com.br\/vicente\/wp-json\/wp\/v2\/posts\/2274\/revisions"}],"predecessor-version":[{"id":2296,"href":"https:\/\/blogs.correiobraziliense.com.br\/vicente\/wp-json\/wp\/v2\/posts\/2274\/revisions\/2296"}],"wp:attachment":[{"href":"https:\/\/blogs.correiobraziliense.com.br\/vicente\/wp-json\/wp\/v2\/media?parent=2274"}],"wp:term":[{"taxonomy":"category","embeddable":true,"href":"https:\/\/blogs.correiobraziliense.com.br\/vicente\/wp-json\/wp\/v2\/categories?post=2274"},{"taxonomy":"post_tag","embeddable":true,"href":"https:\/\/blogs.correiobraziliense.com.br\/vicente\/wp-json\/wp\/v2\/tags?post=2274"}],"curies":[{"name":"wp","href":"https:\/\/api.w.org\/{rel}","templated":true}]}}