{"id":2271,"date":"2016-07-28T08:42:46","date_gmt":"2016-07-28T11:42:46","guid":{"rendered":"https:\/\/blogs.correiobraziliense.com.br\/vicente\/?p=2271"},"modified":"2016-07-28T18:53:56","modified_gmt":"2016-07-28T21:53:56","slug":"meirelles-nao-engoliu-invasao-de-servidores-da-receita","status":"publish","type":"post","link":"https:\/\/blogs.correiobraziliense.com.br\/vicente\/meirelles-nao-engoliu-invasao-de-servidores-da-receita\/","title":{"rendered":"Meirelles n\u00e3o engoliu invas\u00e3o de servidores da Receita"},"content":{"rendered":"<p>O ministro da Fazenda, Henrique Meirelles, ainda n\u00e3o engoliu a invas\u00e3o de auditores da Receita Federal a seu gabinete dias atr\u00e1s. Considerou um abuso da categoria que est\u00e1 entre as mais bem pagas do servi\u00e7o p\u00fablico.<\/p>\n<p>&nbsp;<\/p>\n<p>O ministro n\u00e3o diz publicamente, mas foi contra o governo levar adiante os reajustes aos servidores. Somente o aumento aos funcion\u00e1rios do Fisco custar\u00e1 R$ 11,2 bilh\u00f5es at\u00e9 2019, incluindo R$ 6,5 bilh\u00f5es em b\u00f4nus de efici\u00eancia para aposentados.\u00a0Para Meirelles, \u00e9 um exagero, sobretudo num momento t\u00e3o dif\u00edcil em que o pa\u00eds est\u00e1 vivendo.<\/p>\n<p>&nbsp;<\/p>\n<p>N\u00e3o por acaso, o chefe da equipe econ\u00f4mica est\u00e1 trabalhado pesado para tirar poder do Minist\u00e9rio do Planejamento sobre os gastos. Para Meirelles, a pasta n\u00e3o fez nenhum esfor\u00e7o para conter a gula dos servidores. Muito pelo contr\u00e1rio. Deu apoio total devido \u00e0 vis\u00e3o corporativista que prevalece por l\u00e1.<\/p>\n<p>&nbsp;<\/p>\n<p><strong>Retifica\u00e7\u00e3o<\/strong>: Os analistas n\u00e3o participaram do movimento, como publicado anteriormente.<\/p>\n<p>&nbsp;<\/p>\n<p><i>Bras\u00edlia, 07h10min, atualizado \u00e0s 18h50min<br \/>\n<\/i><\/p>\n","protected":false},"excerpt":{"rendered":"<p>O ministro da Fazenda, Henrique Meirelles, ainda n\u00e3o engoliu a invas\u00e3o de auditores da Receita Federal a seu gabinete dias atr\u00e1s. Considerou um abuso da categoria que est\u00e1 entre as mais bem pagas do servi\u00e7o p\u00fablico. &nbsp; O ministro n\u00e3o diz publicamente, mas foi contra o governo levar adiante os reajustes aos servidores. Somente o [&hellip;]<\/p>\n","protected":false},"author":22,"featured_media":0,"comment_status":"open","ping_status":"closed","sticky":false,"template":"","format":"standard","meta":{"footnotes":""},"categories":[600],"tags":[748,674,806,807,150,8,123],"class_list":["post-2271","post","type-post","status-publish","format-standard","hentry","category-economia","tag-analistas","tag-auditores","tag-hentique-meirelles","tag-invasao","tag-ministerio-do-planejamento","tag-receita-federal","tag-servidores"],"_links":{"self":[{"href":"https:\/\/blogs.correiobraziliense.com.br\/vicente\/wp-json\/wp\/v2\/posts\/2271","targetHints":{"allow":["GET"]}}],"collection":[{"href":"https:\/\/blogs.correiobraziliense.com.br\/vicente\/wp-json\/wp\/v2\/posts"}],"about":[{"href":"https:\/\/blogs.correiobraziliense.com.br\/vicente\/wp-json\/wp\/v2\/types\/post"}],"author":[{"embeddable":true,"href":"https:\/\/blogs.correiobraziliense.com.br\/vicente\/wp-json\/wp\/v2\/users\/22"}],"replies":[{"embeddable":true,"href":"https:\/\/blogs.correiobraziliense.com.br\/vicente\/wp-json\/wp\/v2\/comments?post=2271"}],"version-history":[{"count":4,"href":"https:\/\/blogs.correiobraziliense.com.br\/vicente\/wp-json\/wp\/v2\/posts\/2271\/revisions"}],"predecessor-version":[{"id":2298,"href":"https:\/\/blogs.correiobraziliense.com.br\/vicente\/wp-json\/wp\/v2\/posts\/2271\/revisions\/2298"}],"wp:attachment":[{"href":"https:\/\/blogs.correiobraziliense.com.br\/vicente\/wp-json\/wp\/v2\/media?parent=2271"}],"wp:term":[{"taxonomy":"category","embeddable":true,"href":"https:\/\/blogs.correiobraziliense.com.br\/vicente\/wp-json\/wp\/v2\/categories?post=2271"},{"taxonomy":"post_tag","embeddable":true,"href":"https:\/\/blogs.correiobraziliense.com.br\/vicente\/wp-json\/wp\/v2\/tags?post=2271"}],"curies":[{"name":"wp","href":"https:\/\/api.w.org\/{rel}","templated":true}]}}