{"id":2237,"date":"2016-07-27T13:46:09","date_gmt":"2016-07-27T16:46:09","guid":{"rendered":"https:\/\/blogs.correiobraziliense.com.br\/vicente\/?p=2237"},"modified":"2016-07-27T16:13:58","modified_gmt":"2016-07-27T19:13:58","slug":"endividamento-de-aposentados-e-recorde-eles-devem-941-aos-bancos","status":"publish","type":"post","link":"https:\/\/blogs.correiobraziliense.com.br\/vicente\/endividamento-de-aposentados-e-recorde-eles-devem-941-aos-bancos\/","title":{"rendered":"Endividamento de aposentados \u00e9 recorde. Eles devem R$ 94,1 bi aos bancos"},"content":{"rendered":"<p>POR SIMONE KAFRUNI<\/p>\n<p>&nbsp;<\/p>\n<p>Sobrou para os aposentados e pensionistas do Instituto Nacional do Seguro Social (INSS). Com o desemprego, a queda na renda familiar e o cr\u00e9dito mais caro, os segurados est\u00e3o se valendo cada vez mais de empr\u00e9stimos consignados para ajudar nas contas da casa. Este ano, a modalidade disparou 9,4%. Muitos idosos s\u00e3o for\u00e7ados pelas fam\u00edlias a se endividaram, mesmo n\u00e3o querendo.<\/p>\n<p>&nbsp;<\/p>\n<p>Os benefici\u00e1rios do INSS j\u00e1 devem R$ 94,1 bilh\u00f5es aos bancos. Em 12 meses, o saldo devedor cresceu 12,4%, enquanto, na m\u00e9dia, as opera\u00e7\u00f5es totais de cr\u00e9dito \u00e0s pessoas f\u00edsicas avan\u00e7aram 4,6% no mesmo per\u00edodo, para R$ 1,530 trilh\u00e3o. Em junho, especificamente, o aumento foi de 0,3%.<\/p>\n<p>&nbsp;<\/p>\n<p>Somadas todas as opera\u00e7\u00f5es de cr\u00e9dito, incluindo pessoas f\u00edsicas e jur\u00eddicas, o saldo atingiu R$ 3,13 trilh\u00f5es, com recuo de 0,5% em junho. O chefe do Departamento Econ\u00f4mico do Banco Central, Tulio Maciel, explica que \u00e9 raro ter queda no cr\u00e9dito em junho, e isso s\u00f3 ocorreu uma vez, em 2001. \u201cO recuo \u00e9 reflexo da baixa atividade econ\u00f4mica, de menos est\u00edmulo para tomada de cr\u00e9dito e de menor renda das fam\u00edlias\u201d, justifica. No primeiro semestre de 2016, a retra\u00e7\u00e3o \u00e9 de 2,8%. Em igual per\u00edodo do ano passado, houve alta de 2,7%.<\/p>\n<p>&nbsp;<\/p>\n<p>A disparada do consignado aos aposentados \u00e9 vista como um dado positivo, conforme Maciel. \u201c\u00c9 um cr\u00e9dito de qualidade, com juros mais baixos\u201d, explica. Contudo, as d\u00edvidas com cart\u00e3o de cr\u00e9dito e cheque especial, duas modalidades com os mais altos juros do mercado, tamb\u00e9m aumentaram em junho, o que mostra o desespero das fam\u00edlias brasileiras.<\/p>\n<p>&nbsp;<\/p>\n<p>A taxa m\u00e9dia do cheque especial alcan\u00e7ou 315,7% ao ano, a maior da hist\u00f3ria. No rotativo do cart\u00e3o, os juros m\u00e9dios est\u00e3o em 470,9% ao ano. Nem isso conteve os endividados. No primeiro semestre de 2016, o uso do cheque especial aumentou 6,6% e o rotativo do cart\u00e3o, 10%.<\/p>\n<p>&nbsp;<\/p>\n<p><em>Bras\u00edlia, 13h44min<\/em><\/p>\n","protected":false},"excerpt":{"rendered":"<p>POR SIMONE KAFRUNI &nbsp; Sobrou para os aposentados e pensionistas do Instituto Nacional do Seguro Social (INSS). Com o desemprego, a queda na renda familiar e o cr\u00e9dito mais caro, os segurados est\u00e3o se valendo cada vez mais de empr\u00e9stimos consignados para ajudar nas contas da casa. Este ano, a modalidade disparou 9,4%. Muitos idosos [&hellip;]<\/p>\n","protected":false},"author":22,"featured_media":0,"comment_status":"open","ping_status":"closed","sticky":false,"template":"","format":"standard","meta":{"footnotes":""},"categories":[600],"tags":[374,410,792,321,408,411,793],"class_list":["post-2237","post","type-post","status-publish","format-standard","hentry","category-economia","tag-1-bilhoes","tag-aposentados","tag-consignados","tag-dividas","tag-inss","tag-pensionistas","tag-r-94"],"_links":{"self":[{"href":"https:\/\/blogs.correiobraziliense.com.br\/vicente\/wp-json\/wp\/v2\/posts\/2237","targetHints":{"allow":["GET"]}}],"collection":[{"href":"https:\/\/blogs.correiobraziliense.com.br\/vicente\/wp-json\/wp\/v2\/posts"}],"about":[{"href":"https:\/\/blogs.correiobraziliense.com.br\/vicente\/wp-json\/wp\/v2\/types\/post"}],"author":[{"embeddable":true,"href":"https:\/\/blogs.correiobraziliense.com.br\/vicente\/wp-json\/wp\/v2\/users\/22"}],"replies":[{"embeddable":true,"href":"https:\/\/blogs.correiobraziliense.com.br\/vicente\/wp-json\/wp\/v2\/comments?post=2237"}],"version-history":[{"count":5,"href":"https:\/\/blogs.correiobraziliense.com.br\/vicente\/wp-json\/wp\/v2\/posts\/2237\/revisions"}],"predecessor-version":[{"id":2243,"href":"https:\/\/blogs.correiobraziliense.com.br\/vicente\/wp-json\/wp\/v2\/posts\/2237\/revisions\/2243"}],"wp:attachment":[{"href":"https:\/\/blogs.correiobraziliense.com.br\/vicente\/wp-json\/wp\/v2\/media?parent=2237"}],"wp:term":[{"taxonomy":"category","embeddable":true,"href":"https:\/\/blogs.correiobraziliense.com.br\/vicente\/wp-json\/wp\/v2\/categories?post=2237"},{"taxonomy":"post_tag","embeddable":true,"href":"https:\/\/blogs.correiobraziliense.com.br\/vicente\/wp-json\/wp\/v2\/tags?post=2237"}],"curies":[{"name":"wp","href":"https:\/\/api.w.org\/{rel}","templated":true}]}}