{"id":2221,"date":"2016-07-26T15:56:14","date_gmt":"2016-07-26T18:56:14","guid":{"rendered":"https:\/\/blogs.correiobraziliense.com.br\/vicente\/?p=2221"},"modified":"2016-07-26T16:39:47","modified_gmt":"2016-07-26T19:39:47","slug":"demissoes-de-um-lado-nomeacoes-de-outro-esse-e-o-vale-tudo-para-o-impeachment","status":"publish","type":"post","link":"https:\/\/blogs.correiobraziliense.com.br\/vicente\/demissoes-de-um-lado-nomeacoes-de-outro-esse-e-o-vale-tudo-para-o-impeachment\/","title":{"rendered":"Demiss\u00f5es de um lado, nomea\u00e7\u00f5es de outro. Esse \u00e9 o vale-tudo para o impeachment"},"content":{"rendered":"<p>Enquanto faz demiss\u00f5es em massa no Minist\u00e9rio da Cultura, com a exonera\u00e7\u00e3o de 81 pessoas que t\u00eam cargos comissionados, o Pal\u00e1cio do Planalto vai atendendo pleitos pol\u00edticos em busca de apoio no Congresso para o impeachment definitivo de Dilma Rousseff.<\/p>\n<p>&nbsp;<\/p>\n<p>Na Companhia Nacional de Abastecimento (Conab), vinculada ao Minist\u00e9rio da Agricultura, o Planalto exonerou Arno Jerke Junior, ligado \u00e0 ex-ministra K\u00e1tia Abreu, do cargo de diretor e nomeou Cleide Edvirges Santos Laia, apoiada pelo PMDB de Minas Gerais, e Marcus Luis Hartmann, apadrinhado do deputado Rog\u00e9rio Peninha Mendon\u00e7a, do PMDB de Santa Catarina.<\/p>\n<p>&nbsp;<\/p>\n<p>No Minist\u00e9rio da Ci\u00eancia, Tecnologia, Inova\u00e7\u00f5es e Comunica\u00e7\u00f5es, pasta comandada pelo PSD de Gilberto Kassab, o governo nomeou Hugo Paulo do Nascimento Leit\u00e3o Vieira como diretor de Gest\u00e3o e Tecnologia da Informa\u00e7\u00e3o do Conselho Nacional de Desenvolvimento Cient\u00edfico e Tecnol\u00f3gico (CNPq).<\/p>\n<p>&nbsp;<\/p>\n<p>Para atender o pleito do Solidariedade de Goi\u00e1s, o presidente interino, Michel Temer, nomeou Joaquim Mendanha de Ata\u00eddes para a Superintend\u00eancia de Seguros Privados (Susep), vinculada ao Minist\u00e9rio da Fazenda. Ele foi indicado\u00a0pelo deputado federal Lucas Verg\u00edlio (SD-GO), filho do ex-deputado Armando Verg\u00edlio (SD-GO), que foi superintendente da Susep de 2007 a 2010.<\/p>\n<p>&nbsp;<\/p>\n<p>As nomea\u00e7\u00f5es est\u00e3o no Di\u00e1rio Oficial da Uni\u00e3o desta ter\u00e7a-feira, 26.<\/p>\n<p>&nbsp;<\/p>\n<p><em>Bras\u00edlia, 14h30min<\/em><\/p>\n","protected":false},"excerpt":{"rendered":"<p>Enquanto faz demiss\u00f5es em massa no Minist\u00e9rio da Cultura, com a exonera\u00e7\u00e3o de 81 pessoas que t\u00eam cargos comissionados, o Pal\u00e1cio do Planalto vai atendendo pleitos pol\u00edticos em busca de apoio no Congresso para o impeachment definitivo de Dilma Rousseff. &nbsp; Na Companhia Nacional de Abastecimento (Conab), vinculada ao Minist\u00e9rio da Agricultura, o Planalto exonerou [&hellip;]<\/p>\n","protected":false},"author":22,"featured_media":0,"comment_status":"open","ping_status":"closed","sticky":false,"template":"","format":"standard","meta":{"footnotes":""},"categories":[600],"tags":[],"class_list":["post-2221","post","type-post","status-publish","format-standard","hentry","category-economia"],"_links":{"self":[{"href":"https:\/\/blogs.correiobraziliense.com.br\/vicente\/wp-json\/wp\/v2\/posts\/2221","targetHints":{"allow":["GET"]}}],"collection":[{"href":"https:\/\/blogs.correiobraziliense.com.br\/vicente\/wp-json\/wp\/v2\/posts"}],"about":[{"href":"https:\/\/blogs.correiobraziliense.com.br\/vicente\/wp-json\/wp\/v2\/types\/post"}],"author":[{"embeddable":true,"href":"https:\/\/blogs.correiobraziliense.com.br\/vicente\/wp-json\/wp\/v2\/users\/22"}],"replies":[{"embeddable":true,"href":"https:\/\/blogs.correiobraziliense.com.br\/vicente\/wp-json\/wp\/v2\/comments?post=2221"}],"version-history":[{"count":3,"href":"https:\/\/blogs.correiobraziliense.com.br\/vicente\/wp-json\/wp\/v2\/posts\/2221\/revisions"}],"predecessor-version":[{"id":2224,"href":"https:\/\/blogs.correiobraziliense.com.br\/vicente\/wp-json\/wp\/v2\/posts\/2221\/revisions\/2224"}],"wp:attachment":[{"href":"https:\/\/blogs.correiobraziliense.com.br\/vicente\/wp-json\/wp\/v2\/media?parent=2221"}],"wp:term":[{"taxonomy":"category","embeddable":true,"href":"https:\/\/blogs.correiobraziliense.com.br\/vicente\/wp-json\/wp\/v2\/categories?post=2221"},{"taxonomy":"post_tag","embeddable":true,"href":"https:\/\/blogs.correiobraziliense.com.br\/vicente\/wp-json\/wp\/v2\/tags?post=2221"}],"curies":[{"name":"wp","href":"https:\/\/api.w.org\/{rel}","templated":true}]}}