{"id":2217,"date":"2016-07-26T12:30:05","date_gmt":"2016-07-26T15:30:05","guid":{"rendered":"https:\/\/blogs.correiobraziliense.com.br\/vicente\/?p=2217"},"modified":"2016-07-26T18:07:05","modified_gmt":"2016-07-26T21:07:05","slug":"e-forte-o-movimento-para-instalacao-da-cpi-do-btg-pactual","status":"publish","type":"post","link":"https:\/\/blogs.correiobraziliense.com.br\/vicente\/e-forte-o-movimento-para-instalacao-da-cpi-do-btg-pactual\/","title":{"rendered":"\u00c9 forte o movimento para a instala\u00e7\u00e3o da CPI do BTG Pactual"},"content":{"rendered":"<p>O Congresso est\u00e1 em recesso branco, mas h\u00e1 um movimento crescente de deputados para que o presidente da C\u00e2mara, Rodrigo Maia, ponha em vota\u00e7\u00e3o, assim que os trabalhos recome\u00e7arem, o recurso para a instala\u00e7\u00e3o da CPI do Banco BTG Pactual, de Andr\u00e9 Esteves, que foi preso no \u00e2mbito da Opera\u00e7\u00e3o Lava-Jato. A CPI foi barrada por Waldir Maranh\u00e3o.<\/p>\n<p>&nbsp;<\/p>\n<p>H\u00e1 suspeitas de irregularidades cometidas pelo BTG Pactual, que teria se beneficiado da grande proximidade com os governos petistas de Lula e de Dilma Rousseff para ampliar o patrim\u00f4nio. O banco de Esteves teve neg\u00f3cios suspeitos com a Caixa Econ\u00f4mica Federal, de quem \u00e9 s\u00f3cio no Banco PAN (derivado do Panamericano, que quebrou), e com a Petrobras em opera\u00e7\u00f5es na \u00c1frica.<\/p>\n<p>&nbsp;<\/p>\n<p>O BTG Pactual tamb\u00e9m teria pago propina de R$ 45 milh\u00f5es para Eduardo Cunha a fim de aprovar uma medida provis\u00f3ria que permitiria \u00e0 institui\u00e7\u00e3o usar cr\u00e9ditos fiscais de bancos em liquida\u00e7\u00e3o. O BTG \u00e9 dono da massa falida do Bamerindus e vinha trabalhando para assumir o que restou do Banco Nacional.<\/p>\n<p>&nbsp;<\/p>\n<p>O lobby a favor do BTG Pactual, por\u00e9m, \u00e9 grande. O banco prestou, ao longo dos \u00faltimos anos, muitos favores a pol\u00edticos de alto calibre. A vota\u00e7\u00e3o do recurso para a instala\u00e7\u00e3o da CPI ser\u00e1 um grande teste para ver se Rodrigo Maia est\u00e1 ou n\u00e3o comprometido com a \u00e9tica e se n\u00e3o deve favores ao banco de Esteves.<\/p>\n<p>&nbsp;<\/p>\n<p><em>Bras\u00edlia, 12h30min<\/em><\/p>\n<p>&nbsp;<\/p>\n<p>&nbsp;<\/p>\n","protected":false},"excerpt":{"rendered":"<p>O Congresso est\u00e1 em recesso branco, mas h\u00e1 um movimento crescente de deputados para que o presidente da C\u00e2mara, Rodrigo Maia, ponha em vota\u00e7\u00e3o, assim que os trabalhos recome\u00e7arem, o recurso para a instala\u00e7\u00e3o da CPI do Banco BTG Pactual, de Andr\u00e9 Esteves, que foi preso no \u00e2mbito da Opera\u00e7\u00e3o Lava-Jato. A CPI foi barrada [&hellip;]<\/p>\n","protected":false},"author":22,"featured_media":0,"comment_status":"open","ping_status":"closed","sticky":false,"template":"","format":"standard","meta":{"footnotes":""},"categories":[600],"tags":[52,53,381,61,478,783,656],"class_list":["post-2217","post","type-post","status-publish","format-standard","hentry","category-economia","tag-andre-esteves","tag-btg-pactual","tag-cpi","tag-eduardo-cunha","tag-propina","tag-r-45-milhoes","tag-rodrigo-maia"],"_links":{"self":[{"href":"https:\/\/blogs.correiobraziliense.com.br\/vicente\/wp-json\/wp\/v2\/posts\/2217","targetHints":{"allow":["GET"]}}],"collection":[{"href":"https:\/\/blogs.correiobraziliense.com.br\/vicente\/wp-json\/wp\/v2\/posts"}],"about":[{"href":"https:\/\/blogs.correiobraziliense.com.br\/vicente\/wp-json\/wp\/v2\/types\/post"}],"author":[{"embeddable":true,"href":"https:\/\/blogs.correiobraziliense.com.br\/vicente\/wp-json\/wp\/v2\/users\/22"}],"replies":[{"embeddable":true,"href":"https:\/\/blogs.correiobraziliense.com.br\/vicente\/wp-json\/wp\/v2\/comments?post=2217"}],"version-history":[{"count":4,"href":"https:\/\/blogs.correiobraziliense.com.br\/vicente\/wp-json\/wp\/v2\/posts\/2217\/revisions"}],"predecessor-version":[{"id":2225,"href":"https:\/\/blogs.correiobraziliense.com.br\/vicente\/wp-json\/wp\/v2\/posts\/2217\/revisions\/2225"}],"wp:attachment":[{"href":"https:\/\/blogs.correiobraziliense.com.br\/vicente\/wp-json\/wp\/v2\/media?parent=2217"}],"wp:term":[{"taxonomy":"category","embeddable":true,"href":"https:\/\/blogs.correiobraziliense.com.br\/vicente\/wp-json\/wp\/v2\/categories?post=2217"},{"taxonomy":"post_tag","embeddable":true,"href":"https:\/\/blogs.correiobraziliense.com.br\/vicente\/wp-json\/wp\/v2\/tags?post=2217"}],"curies":[{"name":"wp","href":"https:\/\/api.w.org\/{rel}","templated":true}]}}