{"id":2214,"date":"2016-07-26T10:05:10","date_gmt":"2016-07-26T13:05:10","guid":{"rendered":"https:\/\/blogs.correiobraziliense.com.br\/vicente\/?p=2214"},"modified":"2016-07-26T11:45:39","modified_gmt":"2016-07-26T14:45:39","slug":"reajustes-auditores-e-analistas-custarao-112-bilhoes-entre-2016-e-2019","status":"publish","type":"post","link":"https:\/\/blogs.correiobraziliense.com.br\/vicente\/reajustes-auditores-e-analistas-custarao-112-bilhoes-entre-2016-e-2019\/","title":{"rendered":"Reajustes a auditores e analistas da Receita custar\u00e3o R$ 11,2 bilh\u00f5es entre 2016 e 2019"},"content":{"rendered":"<p>POR VERA BATISTA<\/p>\n<p>&nbsp;<\/p>\n<p>O projeto que prev\u00ea reajustes dos servidores da Receita Federal (auditores, analistas e aposentados) custar\u00e1, entre 2016 e 2019, R$ 11,2 bilh\u00f5es aos cofres p\u00fablicos segundo o projeto de lei encaminhado na \u00faltima sexta-feira pelo Minist\u00e9rio do Planejamento ao Congresso. Essa conta inclui os R$ 6,5 bilh\u00f5es que ser\u00e3o pagos em forma de b\u00f4nus de efici\u00eancia.<\/p>\n<p>&nbsp;<\/p>\n<p>Neste ano, somente a fatura com o reajuste de 21,3% dividido em quatro anos ser\u00e1 de R$ 290,8 milh\u00f5es. Em 2017, alcan\u00e7ar\u00e1 R$ 890,8 milh\u00f5es. Em 2018, vai a R$ 1,490 bilh\u00e3o. E, em 2019, atingir\u00e1 R$ 2,090 bilh\u00f5es. No total, o aumento custar\u00e1 R$ 4,763 bilh\u00f5es, conta que, com o b\u00f4nus de efici\u00eancia, chegar\u00e1 a R$ 11,263 bilh\u00f5es.<\/p>\n<p>&nbsp;<\/p>\n<p>O governo garante que esse custo \u00e9 compat\u00edvel com a import\u00e2ncia da categoria, que vinha fazendo uma s\u00e9rie de paralisa\u00e7\u00f5es e prejudicando o atendimento ao p\u00fablico e a arrecada\u00e7\u00e3o.<\/p>\n<p>&nbsp;<\/p>\n<p><em>Bras\u00edlia, 10h05min<\/em><\/p>\n","protected":false},"excerpt":{"rendered":"<p>POR VERA BATISTA &nbsp; O projeto que prev\u00ea reajustes dos servidores da Receita Federal (auditores, analistas e aposentados) custar\u00e1, entre 2016 e 2019, R$ 11,2 bilh\u00f5es aos cofres p\u00fablicos segundo o projeto de lei encaminhado na \u00faltima sexta-feira pelo Minist\u00e9rio do Planejamento ao Congresso. Essa conta inclui os R$ 6,5 bilh\u00f5es que ser\u00e3o pagos em [&hellip;]<\/p>\n","protected":false},"author":22,"featured_media":0,"comment_status":"open","ping_status":"closed","sticky":false,"template":"","format":"standard","meta":{"footnotes":""},"categories":[600],"tags":[780,748,410,674,781,782,779,264,8],"class_list":["post-2214","post","type-post","status-publish","format-standard","hentry","category-economia","tag-2-bilhoes","tag-analistas","tag-aposentados","tag-auditores","tag-fiscais","tag-projeto-de-lei","tag-r-11","tag-reajuste","tag-receita-federal"],"_links":{"self":[{"href":"https:\/\/blogs.correiobraziliense.com.br\/vicente\/wp-json\/wp\/v2\/posts\/2214","targetHints":{"allow":["GET"]}}],"collection":[{"href":"https:\/\/blogs.correiobraziliense.com.br\/vicente\/wp-json\/wp\/v2\/posts"}],"about":[{"href":"https:\/\/blogs.correiobraziliense.com.br\/vicente\/wp-json\/wp\/v2\/types\/post"}],"author":[{"embeddable":true,"href":"https:\/\/blogs.correiobraziliense.com.br\/vicente\/wp-json\/wp\/v2\/users\/22"}],"replies":[{"embeddable":true,"href":"https:\/\/blogs.correiobraziliense.com.br\/vicente\/wp-json\/wp\/v2\/comments?post=2214"}],"version-history":[{"count":2,"href":"https:\/\/blogs.correiobraziliense.com.br\/vicente\/wp-json\/wp\/v2\/posts\/2214\/revisions"}],"predecessor-version":[{"id":2216,"href":"https:\/\/blogs.correiobraziliense.com.br\/vicente\/wp-json\/wp\/v2\/posts\/2214\/revisions\/2216"}],"wp:attachment":[{"href":"https:\/\/blogs.correiobraziliense.com.br\/vicente\/wp-json\/wp\/v2\/media?parent=2214"}],"wp:term":[{"taxonomy":"category","embeddable":true,"href":"https:\/\/blogs.correiobraziliense.com.br\/vicente\/wp-json\/wp\/v2\/categories?post=2214"},{"taxonomy":"post_tag","embeddable":true,"href":"https:\/\/blogs.correiobraziliense.com.br\/vicente\/wp-json\/wp\/v2\/tags?post=2214"}],"curies":[{"name":"wp","href":"https:\/\/api.w.org\/{rel}","templated":true}]}}