{"id":2209,"date":"2016-07-26T08:15:21","date_gmt":"2016-07-26T11:15:21","guid":{"rendered":"https:\/\/blogs.correiobraziliense.com.br\/vicente\/?p=2209"},"modified":"2016-07-26T08:36:12","modified_gmt":"2016-07-26T11:36:12","slug":"meirelles-perde-mais-uma-e-planalto-nomeia-indicado-de-politico-para-susep","status":"publish","type":"post","link":"https:\/\/blogs.correiobraziliense.com.br\/vicente\/meirelles-perde-mais-uma-e-planalto-nomeia-indicado-de-politico-para-susep\/","title":{"rendered":"Meirelles perde mais uma e Planalto nomeia indicado de pol\u00edtico para a Susep"},"content":{"rendered":"<p>O ministro da Fazenda, Henrique Meirelles, teve de engolir mais uma indica\u00e7\u00e3o pol\u00edtica dentro de sua seara. O Pal\u00e1cio do Planalto nomeou Joaquim Mendanha de Ata\u00eddes, tesoureiro do partido Solidariedade (SD) de Goi\u00e1s e presidente do sindicato goiano dos Corretores e das Empresas Corretoras de Seguros (Sincor-GO), para o comando da Superintend\u00eancia de Seguros Privados (Susep).<\/p>\n<p>&nbsp;<\/p>\n<p>Meirelles queria um nome com maior express\u00e3o no mercado para substituir Roberto Westenberger no \u00f3rg\u00e3o respons\u00e1vel por regular e fiscalizar o bilion\u00e1rio mercado de seguros do pa\u00eds. Mas o Planalto, que precisa de votos para aprovar o impeachment definitivo de Dilma Rousseff, acatou a indica\u00e7\u00e3o pol\u00edtica.<\/p>\n<p>&nbsp;<\/p>\n<p>Ata\u00eddes \u00e9 apadrinhado pelo deputado federal Lucas Verg\u00edlio (SD-GO), filho do ex-deputado Armando Verg\u00edlio (SD-GO), que foi superintendente da Susep de 2007 a 2010, indicado pelo l\u00edder do PTB, Joavir Arantes (GO). Armando foi investigado pela Procuradoria Geral da Rep\u00fablica por um reajuste que teria beneficiado corretores e seguradoras em detrimento dos consumidores.<\/p>\n<p>&nbsp;<\/p>\n<p><i>Bras\u00edlia, 08h15min<\/i><\/p>\n","protected":false},"excerpt":{"rendered":"<p>O ministro da Fazenda, Henrique Meirelles, teve de engolir mais uma indica\u00e7\u00e3o pol\u00edtica dentro de sua seara. O Pal\u00e1cio do Planalto nomeou Joaquim Mendanha de Ata\u00eddes, tesoureiro do partido Solidariedade (SD) de Goi\u00e1s e presidente do sindicato goiano dos Corretores e das Empresas Corretoras de Seguros (Sincor-GO), para o comando da Superintend\u00eancia de Seguros Privados [&hellip;]<\/p>\n","protected":false},"author":22,"featured_media":0,"comment_status":"open","ping_status":"closed","sticky":false,"template":"","format":"standard","meta":{"footnotes":""},"categories":[600],"tags":[],"class_list":["post-2209","post","type-post","status-publish","format-standard","hentry","category-economia"],"_links":{"self":[{"href":"https:\/\/blogs.correiobraziliense.com.br\/vicente\/wp-json\/wp\/v2\/posts\/2209","targetHints":{"allow":["GET"]}}],"collection":[{"href":"https:\/\/blogs.correiobraziliense.com.br\/vicente\/wp-json\/wp\/v2\/posts"}],"about":[{"href":"https:\/\/blogs.correiobraziliense.com.br\/vicente\/wp-json\/wp\/v2\/types\/post"}],"author":[{"embeddable":true,"href":"https:\/\/blogs.correiobraziliense.com.br\/vicente\/wp-json\/wp\/v2\/users\/22"}],"replies":[{"embeddable":true,"href":"https:\/\/blogs.correiobraziliense.com.br\/vicente\/wp-json\/wp\/v2\/comments?post=2209"}],"version-history":[{"count":3,"href":"https:\/\/blogs.correiobraziliense.com.br\/vicente\/wp-json\/wp\/v2\/posts\/2209\/revisions"}],"predecessor-version":[{"id":2212,"href":"https:\/\/blogs.correiobraziliense.com.br\/vicente\/wp-json\/wp\/v2\/posts\/2209\/revisions\/2212"}],"wp:attachment":[{"href":"https:\/\/blogs.correiobraziliense.com.br\/vicente\/wp-json\/wp\/v2\/media?parent=2209"}],"wp:term":[{"taxonomy":"category","embeddable":true,"href":"https:\/\/blogs.correiobraziliense.com.br\/vicente\/wp-json\/wp\/v2\/categories?post=2209"},{"taxonomy":"post_tag","embeddable":true,"href":"https:\/\/blogs.correiobraziliense.com.br\/vicente\/wp-json\/wp\/v2\/tags?post=2209"}],"curies":[{"name":"wp","href":"https:\/\/api.w.org\/{rel}","templated":true}]}}