{"id":2202,"date":"2016-07-25T21:30:38","date_gmt":"2016-07-26T00:30:38","guid":{"rendered":"https:\/\/blogs.correiobraziliense.com.br\/vicente\/?p=2202"},"modified":"2016-07-25T22:21:53","modified_gmt":"2016-07-26T01:21:53","slug":"bonus-servidores-da-receita-custarao-r-65-bi-ate-2019-aposentados-tambem-receberao","status":"publish","type":"post","link":"https:\/\/blogs.correiobraziliense.com.br\/vicente\/bonus-servidores-da-receita-custarao-r-65-bi-ate-2019-aposentados-tambem-receberao\/","title":{"rendered":"B\u00f4nus a servidores da Receita custar\u00e3o R$ 6,5 bi at\u00e9 2019. Aposentados tamb\u00e9m receber\u00e3o"},"content":{"rendered":"<p>POR VERA BATISTA<\/p>\n<p>&nbsp;<\/p>\n<p>A mobiliza\u00e7\u00e3o dos servidores da Receita Federal surtiu efeito. Al\u00e9m do reajuste de 21,3% fechado com o governo, que custar\u00e1 R$ 2,1 bilh\u00f5es at\u00e9 2019, eles receber\u00e3o R$ 6,5 bilh\u00f5es em b\u00f4nus de efici\u00eancia no mesmo per\u00edodo. Esse benef\u00edcio ser\u00e1 estendido, inclusive, aos aposentados, conforme especificado no projeto de lei encaminhado ao Congresso pelo governo na \u00faltima sexta-feira. Desde o in\u00edcio do m\u00eas, os funcion\u00e1rios do Fisco vinham paralisando uma s\u00e9rie de atividades, com forte impacto na arrecada\u00e7\u00e3o.<\/p>\n<p>&nbsp;<\/p>\n<p>Segundo o Minist\u00e9rio do Planejamento, o b\u00f4nus faz parte do acordo diferenciado fechado com auditores e analistas da Receita. O acerto foi firmado em mar\u00e7o, ainda no governo de Dilma Rousseff. Mas, por ser pol\u00eamico, o projeto que garante o rendimento extra ficou empacado no Pal\u00e1cio do Planalto, que queria evitar mais desgaste no mercado, cr\u00edtico do reajuste aos servidores. Contudo, a press\u00e3o dos funcion\u00e1rios da Receita aumentou muito, resultando em transtornos \u00e0 popula\u00e7\u00e3o. O presidente interino, Michel Temer, acabou cedendo.<\/p>\n<p>&nbsp;<\/p>\n<p>Pelos c\u00e1lculos do Planejamento, dos 30.667 servidores registrados como auditor fiscal, 20.383 (67%) s\u00e3o aposentados ou pensionistas. Dos 13.778 analistas tribut\u00e1rios, 6.612 (48%) s\u00e3o inativos. A associa\u00e7\u00e3o que representa os aposentados (Anfip) havia amea\u00e7ado recorrer \u00e0 Justi\u00e7a caso o b\u00f4nus de efici\u00eancia n\u00e3o fosse estendido a esse grupo. O governo assegurou que o pagamento ser\u00e1 pago mediante o aumento da arrecada\u00e7\u00e3o e os custos pressup\u00f5em o cumprimento integral de metas.<\/p>\n","protected":false},"excerpt":{"rendered":"<p>POR VERA BATISTA &nbsp; A mobiliza\u00e7\u00e3o dos servidores da Receita Federal surtiu efeito. Al\u00e9m do reajuste de 21,3% fechado com o governo, que custar\u00e1 R$ 2,1 bilh\u00f5es at\u00e9 2019, eles receber\u00e3o R$ 6,5 bilh\u00f5es em b\u00f4nus de efici\u00eancia no mesmo per\u00edodo. Esse benef\u00edcio ser\u00e1 estendido, inclusive, aos aposentados, conforme especificado no projeto de lei encaminhado [&hellip;]<\/p>\n","protected":false},"author":22,"featured_media":0,"comment_status":"open","ping_status":"closed","sticky":false,"template":"","format":"standard","meta":{"footnotes":""},"categories":[600],"tags":[774,11,111,264,8],"class_list":["post-2202","post","type-post","status-publish","format-standard","hentry","category-economia","tag-bonus-de-eficiencia","tag-dilma-rousseff","tag-michel-temer","tag-reajuste","tag-receita-federal"],"_links":{"self":[{"href":"https:\/\/blogs.correiobraziliense.com.br\/vicente\/wp-json\/wp\/v2\/posts\/2202","targetHints":{"allow":["GET"]}}],"collection":[{"href":"https:\/\/blogs.correiobraziliense.com.br\/vicente\/wp-json\/wp\/v2\/posts"}],"about":[{"href":"https:\/\/blogs.correiobraziliense.com.br\/vicente\/wp-json\/wp\/v2\/types\/post"}],"author":[{"embeddable":true,"href":"https:\/\/blogs.correiobraziliense.com.br\/vicente\/wp-json\/wp\/v2\/users\/22"}],"replies":[{"embeddable":true,"href":"https:\/\/blogs.correiobraziliense.com.br\/vicente\/wp-json\/wp\/v2\/comments?post=2202"}],"version-history":[{"count":2,"href":"https:\/\/blogs.correiobraziliense.com.br\/vicente\/wp-json\/wp\/v2\/posts\/2202\/revisions"}],"predecessor-version":[{"id":2204,"href":"https:\/\/blogs.correiobraziliense.com.br\/vicente\/wp-json\/wp\/v2\/posts\/2202\/revisions\/2204"}],"wp:attachment":[{"href":"https:\/\/blogs.correiobraziliense.com.br\/vicente\/wp-json\/wp\/v2\/media?parent=2202"}],"wp:term":[{"taxonomy":"category","embeddable":true,"href":"https:\/\/blogs.correiobraziliense.com.br\/vicente\/wp-json\/wp\/v2\/categories?post=2202"},{"taxonomy":"post_tag","embeddable":true,"href":"https:\/\/blogs.correiobraziliense.com.br\/vicente\/wp-json\/wp\/v2\/tags?post=2202"}],"curies":[{"name":"wp","href":"https:\/\/api.w.org\/{rel}","templated":true}]}}